{"id":2892505,"date":"2026-09-06T11:56:24","date_gmt":"2026-09-06T11:56:24","guid":{"rendered":"https:\/\/isf.gov.lb\/?post_type=news&#038;p=2892505"},"modified":"2026-09-06T11:56:27","modified_gmt":"2026-09-06T11:56:27","slug":"mesures-de-circulation-du-7-au-13-septembre-2026-a-corniche-el-mazraa-boulevard-saeb-salam-ainsi-que-sur-la-route-du-ministere-de-la-defense-pour-une-duree-denviron-deux-mois-en-raison-de","status":"publish","type":"news","link":"https:\/\/isf.gov.lb\/fr\/news\/mesures-de-circulation-du-7-au-13-septembre-2026-a-corniche-el-mazraa-boulevard-saeb-salam-ainsi-que-sur-la-route-du-ministere-de-la-defense-pour-une-duree-denviron-deux-mois-en-raison-de\/","title":{"rendered":"Mesures de circulation du 7 au 13 septembre 2026 \u00e0 Corniche el-Mazraa (boulevard Saeb Salam), ainsi que sur la route du minist\u00e8re de la D\u00e9fense pour une dur\u00e9e d\u2019environ deux mois, en raison de travaux d\u2019entretien et d\u2019asphaltage."},"content":{"rendered":"","protected":false},"author":73,"featured_media":0,"template":"","class_list":["post-2892505","news","type-news","status-publish","hentry"],"acf":{"content":"<p class=\"PDq2pG_selectionAnchorContainer\" style=\"text-align: center; font-size:16px; direction:ltr;\" data-start=\"14\" data-end=\"133\"><strong data-start=\"14\" data-end=\"133\">La Direction g\u00e9n\u00e9rale des Forces de s\u00e9curit\u00e9 int\u00e9rieure \u2013 Division des relations publiques communique ce qui suit :<\/strong><\/p>\n<p style=\"text-align: left; font-size:16px; direction:ltr;\" data-start=\"135\" data-end=\"195\"><strong data-start=\"135\" data-end=\"195\">Premi\u00e8rement \u2013 Corniche el-Mazraa (boulevard Saeb Salam)<\/strong><\/p>\n<p style=\"text-align: left; font-size:16px; direction:ltr;\" data-start=\"197\" data-end=\"432\">Une entreprise proc\u00e9dera \u00e0 des <strong data-start=\"228\" data-end=\"309\">travaux de fraisage de l\u2019asphalte en pr\u00e9paration du rev\u00eatement de la chauss\u00e9e<\/strong> \u00e0 Corniche el-Mazraa (boulevard Saeb Salam), sur la voie allant de <strong data-start=\"377\" data-end=\"409\">Barbir vers la caserne Helou<\/strong>, en plusieurs \u00e9tapes :<\/p>\n<ul style=\"text-align: left\" data-start=\"434\" data-end=\"546\">\n<li data-section-id=\"1n0f39r\" data-start=\"434\" data-end=\"546\">Le <strong data-start=\"439\" data-end=\"499\">7 septembre 2026, de 10 h 00 \u00e0 5 h 00 le lendemain matin<\/strong>, les mesures suivantes seront mises en place :<\/li>\n<\/ul>\n<p style=\"text-align: left; font-size:16px; direction:ltr;\" data-start=\"548\" data-end=\"695\">La circulation venant de l\u2019entr\u00e9e du <strong data-start=\"585\" data-end=\"600\">pont Barbir<\/strong> vers Corniche el-Mazraa (boulevard Saeb Salam) sera d\u00e9vi\u00e9e \u00e0 l\u2019int\u00e9rieur du <strong data-start=\"677\" data-end=\"694\">tunnel Barbir<\/strong>.<\/p>\n<p style=\"text-align: left; font-size:16px; direction:ltr;\" data-start=\"697\" data-end=\"870\">Pour la circulation venant du <strong data-start=\"727\" data-end=\"736\">Mus\u00e9e<\/strong> vers Corniche el-Mazraa, toutes les intersections permettant d\u2019acc\u00e9der \u00e0 la partie sup\u00e9rieure du pont sur le m\u00eame axe seront ferm\u00e9es.<\/p>\n<p style=\"text-align: left; font-size:16px; direction:ltr;\" data-start=\"872\" data-end=\"1016\">La circulation venant de l\u2019<strong data-start=\"899\" data-end=\"937\">avenue B\u00e9chara el-Khoury \u2013 Amilieh<\/strong> vers Barbir sera d\u00e9vi\u00e9e sous le pont, \u00e0 l\u2019int\u00e9rieur du <strong data-start=\"993\" data-end=\"1015\">tunnel Omar Beyhum<\/strong>.<\/p>\n<p style=\"text-align: left; font-size:16px; direction:ltr;\" data-start=\"1018\" data-end=\"1153\">La circulation venant de la <strong data-start=\"1046\" data-end=\"1073\">rue Omar Ibn el-Khattab<\/strong> vers la place Barbir sera \u00e9galement d\u00e9vi\u00e9e \u00e0 l\u2019int\u00e9rieur du tunnel Omar Beyhum.<\/p>\n<p style=\"text-align: left; font-size:16px; direction:ltr;\" data-start=\"1155\" data-end=\"1249\">Les m\u00eames mesures seront appliqu\u00e9es le <strong data-start=\"1194\" data-end=\"1215\">12 septembre 2026<\/strong> pendant les travaux d\u2019asphaltage.<\/p>\n<ul style=\"text-align: left\" data-start=\"1251\" data-end=\"1420\">\n<li data-section-id=\"j8d9bt\" data-start=\"1251\" data-end=\"1420\">Le <strong data-start=\"1256\" data-end=\"1316\">9 septembre 2026, de 20 h 00 \u00e0 5 h 00 le lendemain matin<\/strong>, les travaux auront lieu sur la voie allant de Corniche el-Mazraa (boulevard Saeb Salam) vers le Mus\u00e9e.<\/li>\n<\/ul>\n<p style=\"text-align: left; font-size:16px; direction:ltr;\" data-start=\"1422\" data-end=\"1655\">La circulation venant par le dessus du pont Barbir sera d\u00e9vi\u00e9e \u00e0 l\u2019int\u00e9rieur du tunnel Barbir en direction du Mus\u00e9e. Toutes les intersections permettant d\u2019acc\u00e9der \u00e0 la place Barbir par la voie situ\u00e9e au-dessus du pont seront ferm\u00e9es.<\/p>\n<ul style=\"text-align: left\" data-start=\"1657\" data-end=\"1952\">\n<li data-section-id=\"nk9gct\" data-start=\"1657\" data-end=\"1811\">Le <strong data-start=\"1662\" data-end=\"1683\">11 septembre 2026<\/strong>, l\u2019entreprise proc\u00e9dera au nettoyage des voies pr\u00e9cit\u00e9es et au fraisage de l\u2019asphalte avant le d\u00e9but des travaux de rev\u00eatement.<\/li>\n<li data-section-id=\"d1rkzr\" data-start=\"1813\" data-end=\"1952\">Le <strong data-start=\"1818\" data-end=\"1839\">13 septembre 2026<\/strong>, les m\u00eames mesures de circulation seront appliqu\u00e9es dans les secteurs pr\u00e9cit\u00e9s pendant les travaux d\u2019asphaltage.<\/li>\n<\/ul>\n<p style=\"text-align: left; font-size:16px; direction:ltr;\" data-start=\"1954\" data-end=\"2015\"><strong data-start=\"1954\" data-end=\"2015\">Deuxi\u00e8mement \u2013 Route du minist\u00e8re de la D\u00e9fense nationale<\/strong><\/p>\n<p style=\"text-align: left; font-size:16px; direction:ltr;\" data-start=\"2017\" data-end=\"2363\">\u00c0 partir du <strong data-start=\"2029\" data-end=\"2059\">7 septembre 2026 \u00e0 10 h 00<\/strong>, le minist\u00e8re des Travaux publics effectuera des <strong data-start=\"2109\" data-end=\"2195\">travaux d\u2019excavation sur le c\u00f4t\u00e9 de la route principale du minist\u00e8re de la D\u00e9fense<\/strong>, en descendant vers l\u2019<strong data-start=\"2218\" data-end=\"2237\">\u00c9cole militaire<\/strong>, avant l\u2019imprimerie <strong data-start=\"2258\" data-end=\"2267\">Raidi<\/strong>, afin de r\u00e9parer un affaissement de la chauss\u00e9e pr\u00e9sentant un risque pour la s\u00e9curit\u00e9 publique.<\/p>\n<p style=\"text-align: left; font-size:16px; direction:ltr;\" data-start=\"2365\" data-end=\"2498\">La premi\u00e8re phase des travaux devrait durer <strong data-start=\"2409\" data-end=\"2428\">environ un mois<\/strong>, suivie d\u2019une seconde phase d\u2019une dur\u00e9e d\u2019environ <strong data-start=\"2479\" data-end=\"2497\">trois semaines<\/strong>.<\/p>\n<p style=\"text-align: left; font-size:16px; direction:ltr;\" data-start=\"2500\" data-end=\"2771\">Les citoyens sont pri\u00e9s d\u2019en prendre connaissance et de respecter les instructions des agents des Forces de s\u00e9curit\u00e9 int\u00e9rieure ainsi que la signalisation routi\u00e8re mise en place dans les secteurs concern\u00e9s, afin de faciliter la circulation et d\u2019\u00e9viter les embouteillages.<\/p>\n<h3 style=\"text-align: left\" data-section-id=\"vaosqc\" data-start=\"2773\" data-end=\"2784\"><\/h3>\n","date":"06\/09\/2026","media":[{"file":"https:\/\/isf.gov.lb\/wp-content\/uploads\/2026\/08\/site-template-\u062a\u062f\u0627\u0628\u064a\u0631-\u0633\u064a\u0631-300x169-1.jpg","thumbnail":false,"youtube_iframe":""}],"pinned":false},"_links":{"self":[{"href":"https:\/\/isf.gov.lb\/fr\/wp-json\/wp\/v2\/news\/2892505","targetHints":{"allow":["GET"]}}],"collection":[{"href":"https:\/\/isf.gov.lb\/fr\/wp-json\/wp\/v2\/news"}],"about":[{"href":"https:\/\/isf.gov.lb\/fr\/wp-json\/wp\/v2\/types\/news"}],"author":[{"embeddable":true,"href":"https:\/\/isf.gov.lb\/fr\/wp-json\/wp\/v2\/users\/73"}],"wp:attachment":[{"href":"https:\/\/isf.gov.lb\/fr\/wp-json\/wp\/v2\/media?parent=2892505"}],"curies":[{"name":"wp","href":"https:\/\/api.w.org\/{rel}","templated":true}]}}