{"id":2889522,"date":"2026-09-06T08:49:17","date_gmt":"2026-09-06T08:49:17","guid":{"rendered":"https:\/\/isf.gov.lb\/?post_type=news&#038;p=2889522"},"modified":"2026-09-06T08:49:19","modified_gmt":"2026-09-06T08:49:19","slug":"diffusion-des-photos-de-deux-femmes-soupconnees-davoir-vole-un-portefeuille-dans-un-magasin-de-chaussures-a-azmi-tripoli-quelquun-dispose-t-il-dinformations-a-le","status":"publish","type":"news","link":"https:\/\/isf.gov.lb\/fr\/news\/diffusion-des-photos-de-deux-femmes-soupconnees-davoir-vole-un-portefeuille-dans-un-magasin-de-chaussures-a-azmi-tripoli-quelquun-dispose-t-il-dinformations-a-le\/","title":{"rendered":"Diffusion des photos de deux femmes soup\u00e7onn\u00e9es d\u2019avoir vol\u00e9 un portefeuille dans un magasin de chaussures \u00e0 Azmi \u2013 Tripoli : quelqu\u2019un dispose-t-il d\u2019informations \u00e0 leur sujet ?"},"content":{"rendered":"","protected":false},"author":73,"featured_media":0,"template":"","class_list":["post-2889522","news","type-news","status-publish","hentry"],"acf":{"content":"<p class=\"PDq2pG_selectionAnchorContainer\" style=\"text-align: center; font-size:16px; direction:ltr;\" data-start=\"14\" data-end=\"133\"><strong data-start=\"14\" data-end=\"133\">La Direction g\u00e9n\u00e9rale des Forces de s\u00e9curit\u00e9 int\u00e9rieure \u2013 Division des relations publiques communique ce qui suit :<\/strong><\/p>\n<p style=\"text-align: left; font-size:16px; direction:ltr;\" data-start=\"135\" data-end=\"399\">Le <strong data-start=\"138\" data-end=\"160\">1er septembre 2026<\/strong>, une femme a d\u00e9pos\u00e9 une plainte contre deux femmes non identifi\u00e9es pour le <strong data-start=\"236\" data-end=\"263\">vol de son portefeuille<\/strong>, qui contenait une somme d\u2019argent et des documents, alors qu\u2019elle se trouvait dans un magasin de chaussures dans le secteur d\u2019<strong data-start=\"390\" data-end=\"398\">Azmi<\/strong>.<\/p>\n<p style=\"text-align: left; font-size:16px; direction:ltr;\" data-start=\"401\" data-end=\"789\">Par cons\u00e9quent, et sur instruction de l\u2019autorit\u00e9 judiciaire comp\u00e9tente, la Direction g\u00e9n\u00e9rale des Forces de s\u00e9curit\u00e9 int\u00e9rieure diffuse les photos des deux suspectes et demande \u00e0 toute personne disposant d\u2019informations \u00e0 leur sujet ou sur l\u2019endroit o\u00f9 elles pourraient se trouver de contacter le <strong data-start=\"697\" data-end=\"726\">poste de police d\u2019Al-Tall<\/strong> au <strong data-start=\"730\" data-end=\"743\">06-448303<\/strong>, afin de communiquer toute information utile.<\/p>\n<p style=\"text-align: left; font-size:16px; direction:ltr;\" data-start=\"791\" data-end=\"899\">L\u2019identit\u00e9 de toute personne fournissant des informations <strong data-start=\"849\" data-end=\"898\">restera confidentielle, conform\u00e9ment \u00e0 la loi<\/strong>.<\/p>\n<h3 style=\"text-align: left\" data-section-id=\"vaosqc\" data-start=\"901\" data-end=\"912\"><\/h3>\n","date":"06\/09\/2026","media":[{"file":"https:\/\/isf.gov.lb\/wp-content\/uploads\/2026\/09\/WhatsApp-Image-2026-09-06-at-11.43.50-AM.jpeg","thumbnail":false,"youtube_iframe":""}],"pinned":false},"_links":{"self":[{"href":"https:\/\/isf.gov.lb\/fr\/wp-json\/wp\/v2\/news\/2889522","targetHints":{"allow":["GET"]}}],"collection":[{"href":"https:\/\/isf.gov.lb\/fr\/wp-json\/wp\/v2\/news"}],"about":[{"href":"https:\/\/isf.gov.lb\/fr\/wp-json\/wp\/v2\/types\/news"}],"author":[{"embeddable":true,"href":"https:\/\/isf.gov.lb\/fr\/wp-json\/wp\/v2\/users\/73"}],"wp:attachment":[{"href":"https:\/\/isf.gov.lb\/fr\/wp-json\/wp\/v2\/media?parent=2889522"}],"curies":[{"name":"wp","href":"https:\/\/api.w.org\/{rel}","templated":true}]}}