{"id":2886071,"date":"2026-09-05T15:42:29","date_gmt":"2026-09-05T15:42:29","guid":{"rendered":"https:\/\/isf.gov.lb\/?post_type=news&#038;p=2886071"},"modified":"2026-09-05T17:50:20","modified_gmt":"2026-09-05T17:50:20","slug":"mesures-de-circulation-le-6-septembre-2026-a-dahr-el-baidar-en-raison-de-travaux-dasphaltage-pour-une-duree-denviron-une-semaine-ainsi-qua-jounieh-baabdat-et-jbeil-a-l","status":"publish","type":"news","link":"https:\/\/isf.gov.lb\/fr\/news\/mesures-de-circulation-le-6-septembre-2026-a-dahr-el-baidar-en-raison-de-travaux-dasphaltage-pour-une-duree-denviron-une-semaine-ainsi-qua-jounieh-baabdat-et-jbeil-a-l\/","title":{"rendered":"Mesures de circulation le 6 septembre 2026 \u00e0 Dahr el-Baidar en raison de travaux d\u2019asphaltage (pour une dur\u00e9e d\u2019environ une semaine), ainsi qu\u2019\u00e0 Baabdat et Jbeil \u00e0 l\u2019occasion d\u2019activit\u00e9s sportives."},"content":{"rendered":"","protected":false},"author":73,"featured_media":0,"template":"","class_list":["post-2886071","news","type-news","status-publish","hentry"],"acf":{"content":"<p class=\"PDq2pG_selectionAnchorContainer\" style=\"text-align: center; font-size:16px; direction:ltr;\" data-start=\"14\" data-end=\"133\"><strong data-start=\"14\" data-end=\"133\">La Direction g\u00e9n\u00e9rale des Forces de s\u00e9curit\u00e9 int\u00e9rieure \u2013 Division des relations publiques communique ce qui suit :<\/strong><\/p>\n<p style=\"text-align: left; font-size:16px; direction:ltr;\" data-start=\"135\" data-end=\"185\"><strong data-start=\"135\" data-end=\"185\">Premi\u00e8rement \u2013 Entre Dahr el-Baidar et Hammana<\/strong><\/p>\n<p style=\"text-align: left; font-size:16px; direction:ltr;\" data-start=\"187\" data-end=\"555\">Pour rappel, conform\u00e9ment \u00e0 notre communiqu\u00e9 du <strong data-start=\"235\" data-end=\"255\">3 septembre 2026<\/strong>, une entreprise charg\u00e9e des travaux proc\u00e9dera, \u00e0 compter du <strong data-start=\"316\" data-end=\"336\">5 septembre 2026<\/strong>, \u00e0 des <strong data-start=\"344\" data-end=\"405\">travaux d\u2019asphaltage sur la route internationale de Damas<\/strong>, entre le barrage de <strong data-start=\"427\" data-end=\"475\">Dahr el-Baidar et l\u2019embranchement de Hammana<\/strong>, ainsi que du secteur de <strong data-start=\"501\" data-end=\"554\">Alban Hadwan jusqu\u2019\u00e0 l\u2019embranchement de Qab Elias<\/strong>.<\/p>\n<p style=\"text-align: left; font-size:16px; direction:ltr;\" data-start=\"557\" data-end=\"688\">Les travaux auront lieu de <strong data-start=\"584\" data-end=\"604\">5 h 00 \u00e0 17 h 00<\/strong> et se poursuivront pendant une p\u00e9riode comprise entre <strong data-start=\"659\" data-end=\"687\">une semaine et dix jours<\/strong>.<\/p>\n<p style=\"text-align: left; font-size:16px; direction:ltr;\" data-start=\"690\" data-end=\"716\"><strong data-start=\"690\" data-end=\"716\">Deuxi\u00e8mement \u2013 <\/strong><strong data-start=\"1555\" data-end=\"1582\">Baabdat<\/strong><\/p>\n<p style=\"text-align: left; font-size:16px; direction:ltr;\" data-start=\"1584\" data-end=\"1845\">Le <strong data-start=\"1587\" data-end=\"1628\">6 septembre 2026, de 9 h 30 \u00e0 15 h 00<\/strong>, une <strong data-start=\"1634\" data-end=\"1655\">course automobile<\/strong> se d\u00e9roulera dans le secteur de <strong data-start=\"1688\" data-end=\"1709\">Baabdat \u2013 Sfayleh<\/strong>, depuis les environs de l\u2019<strong data-start=\"1736\" data-end=\"1758\">\u00e9cole des Besan\u00e7on<\/strong> \u00e0 Baabdat jusqu\u2019au secteur de Sfayleh, pr\u00e8s du point de contr\u00f4le de l\u2019Arm\u00e9e libanaise.<\/p>\n<p style=\"text-align: left; font-size:16px; direction:ltr;\" data-start=\"1847\" data-end=\"1872\"><strong data-start=\"1847\" data-end=\"1872\">Troisi\u00e8mement \u2013 Jbeil<\/strong><\/p>\n<p style=\"text-align: left; font-size:16px; direction:ltr;\" data-start=\"1874\" data-end=\"2159\">Le <strong data-start=\"1877\" data-end=\"1917\">6 septembre 2026, \u00e0 partir de 7 h 00<\/strong>, une \u00e9preuve d\u2019<strong data-start=\"1933\" data-end=\"1946\">aquathlon<\/strong>, comprenant natation et course \u00e0 pied, se d\u00e9roulera le long du littoral, depuis le <strong data-start=\"2030\" data-end=\"2047\">port de Bouar<\/strong>, en passant par l\u2019\u00e9glise <strong data-start=\"2073\" data-end=\"2087\">Mar Doumit<\/strong>, puis vers l\u2019\u00e9glise <strong data-start=\"2108\" data-end=\"2121\">Mar Takla<\/strong>, jusqu\u2019au <strong data-start=\"2132\" data-end=\"2158\">port de p\u00eache de Jbeil<\/strong>.<\/p>\n<p style=\"text-align: left; font-size:16px; direction:ltr;\" data-start=\"2161\" data-end=\"2389\">Certaines routes int\u00e9rieures seront ferm\u00e9es \u00e0 la circulation, notamment dans les secteurs de <strong data-start=\"2254\" data-end=\"2388\">Mina el-Ain, du port de p\u00eache de Bouar, du club Anchor \u00e0 gauche au bout de la rue Mar Youssef, de Sainte-Takla et du port de p\u00eache<\/strong>.<\/p>\n<p style=\"text-align: left; font-size:16px; direction:ltr;\" data-start=\"2391\" data-end=\"2633\">Les citoyens sont pri\u00e9s de respecter les instructions des agents des Forces de s\u00e9curit\u00e9 int\u00e9rieure ainsi que la signalisation routi\u00e8re mise en place dans les secteurs concern\u00e9s, afin de faciliter la circulation et d\u2019\u00e9viter les embouteillages.<\/p>\n<h3 style=\"text-align: left\" data-section-id=\"vaosqc\" data-start=\"2635\" data-end=\"2646\"><\/h3>\n","date":"05\/09\/2026","media":[{"file":"https:\/\/isf.gov.lb\/wp-content\/uploads\/2026\/08\/site-template-\u062a\u062f\u0627\u0628\u064a\u0631-\u0633\u064a\u0631-300x169-1.jpg","thumbnail":false,"youtube_iframe":""}],"pinned":false},"_links":{"self":[{"href":"https:\/\/isf.gov.lb\/fr\/wp-json\/wp\/v2\/news\/2886071","targetHints":{"allow":["GET"]}}],"collection":[{"href":"https:\/\/isf.gov.lb\/fr\/wp-json\/wp\/v2\/news"}],"about":[{"href":"https:\/\/isf.gov.lb\/fr\/wp-json\/wp\/v2\/types\/news"}],"author":[{"embeddable":true,"href":"https:\/\/isf.gov.lb\/fr\/wp-json\/wp\/v2\/users\/73"}],"wp:attachment":[{"href":"https:\/\/isf.gov.lb\/fr\/wp-json\/wp\/v2\/media?parent=2886071"}],"curies":[{"name":"wp","href":"https:\/\/api.w.org\/{rel}","templated":true}]}}