{"id":2883131,"date":"2026-09-05T14:02:55","date_gmt":"2026-09-05T14:02:55","guid":{"rendered":"https:\/\/isf.gov.lb\/?post_type=news&#038;p=2883131"},"modified":"2026-09-05T14:02:57","modified_gmt":"2026-09-05T14:02:57","slug":"diffusion-du-signalement-du-corps-dun-homme-dune-quarantaine-dannees-retrouve-au-large-de-la-cote-de-borgholiyeh-quelquun-dispose-t-il-dinformations-a-so","status":"publish","type":"news","link":"https:\/\/isf.gov.lb\/fr\/news\/diffusion-du-signalement-du-corps-dun-homme-dune-quarantaine-dannees-retrouve-au-large-de-la-cote-de-borgholiyeh-quelquun-dispose-t-il-dinformations-a-so\/","title":{"rendered":"Diffusion du signalement du corps d\u2019un homme d\u2019une quarantaine d\u2019ann\u00e9es retrouv\u00e9 au large de la c\u00f4te de Borgholiyeh : quelqu\u2019un dispose-t-il d\u2019informations \u00e0 son sujet ?"},"content":{"rendered":"","protected":false},"author":73,"featured_media":0,"template":"","class_list":["post-2883131","news","type-news","status-publish","hentry"],"acf":{"content":"<p class=\"PDq2pG_selectionAnchorContainer\" style=\"text-align: center; font-size:16px; direction:ltr;\" data-start=\"14\" data-end=\"133\"><strong data-start=\"14\" data-end=\"133\">La Direction g\u00e9n\u00e9rale des Forces de s\u00e9curit\u00e9 int\u00e9rieure \u2013 Division des relations publiques communique ce qui suit :<\/strong><\/p>\n<p style=\"text-align: left; font-size:16px; direction:ltr;\" data-start=\"135\" data-end=\"535\">La Direction g\u00e9n\u00e9rale des Forces de s\u00e9curit\u00e9 int\u00e9rieure diffuse le signalement du corps d\u2019un homme non identifi\u00e9, retrouv\u00e9 dans un \u00e9tat de d\u00e9composition avanc\u00e9e et fortement d\u00e9t\u00e9rior\u00e9 par une patrouille des <strong data-start=\"342\" data-end=\"381\">Forces navales de l\u2019Arm\u00e9e libanaise<\/strong>, le <strong data-start=\"386\" data-end=\"406\">4 septembre 2026<\/strong>. Le corps flottait au large de la c\u00f4te de <strong data-start=\"449\" data-end=\"464\">Borgholiyeh<\/strong>, en pleine mer, et a \u00e9t\u00e9 transf\u00e9r\u00e9 \u00e0 la morgue de <strong data-start=\"515\" data-end=\"534\">l\u2019H\u00f4pital Hiram<\/strong>.<\/p>\n<p style=\"text-align: left; font-size:16px; direction:ltr;\" data-start=\"537\" data-end=\"563\"><strong data-start=\"537\" data-end=\"563\">Signalement du corps :<\/strong><\/p>\n<p style=\"text-align: left; font-size:16px; direction:ltr;\" data-start=\"565\" data-end=\"815\">Il s\u2019agit d\u2019un homme \u00e2g\u00e9 d\u2019une quarantaine d\u2019ann\u00e9es, mesurant environ <strong data-start=\"635\" data-end=\"645\">175 cm<\/strong>, aux cheveux noirs grisonnants, portant une barbe et une moustache, de forte corpulence, avec une peau br\u00fbl\u00e9e par l\u2019exposition au soleil. <strong data-start=\"784\" data-end=\"815\">Sa main gauche est amput\u00e9e.<\/strong><\/p>\n<p style=\"text-align: left; font-size:16px; direction:ltr;\" data-start=\"817\" data-end=\"1171\">La Direction g\u00e9n\u00e9rale demande \u00e0 ses proches ou \u00e0 toute personne disposant d\u2019informations \u00e0 son sujet de contacter le <strong data-start=\"934\" data-end=\"966\">poste de police d\u2019Abbassiyeh<\/strong>, relevant de l\u2019Unit\u00e9 de la gendarmerie territoriale, au <strong data-start=\"1023\" data-end=\"1036\">07-380119<\/strong>, afin d\u2019accomplir les proc\u00e9dures l\u00e9gales n\u00e9cessaires et de r\u00e9cup\u00e9rer le corps, actuellement conserv\u00e9 \u00e0 la morgue de l\u2019h\u00f4pital pr\u00e9cit\u00e9.<\/p>\n","date":"05\/09\/2026","media":[{"file":"https:\/\/isf.gov.lb\/wp-content\/uploads\/2026\/09\/logo-new-with-moudirye-new-300x300-1.jpg","thumbnail":false,"youtube_iframe":""}],"pinned":false},"_links":{"self":[{"href":"https:\/\/isf.gov.lb\/fr\/wp-json\/wp\/v2\/news\/2883131","targetHints":{"allow":["GET"]}}],"collection":[{"href":"https:\/\/isf.gov.lb\/fr\/wp-json\/wp\/v2\/news"}],"about":[{"href":"https:\/\/isf.gov.lb\/fr\/wp-json\/wp\/v2\/types\/news"}],"author":[{"embeddable":true,"href":"https:\/\/isf.gov.lb\/fr\/wp-json\/wp\/v2\/users\/73"}],"wp:attachment":[{"href":"https:\/\/isf.gov.lb\/fr\/wp-json\/wp\/v2\/media?parent=2883131"}],"curies":[{"name":"wp","href":"https:\/\/api.w.org\/{rel}","templated":true}]}}