{"id":2871739,"date":"2026-09-04T12:22:43","date_gmt":"2026-09-04T12:22:43","guid":{"rendered":"https:\/\/isf.gov.lb\/?post_type=news&#038;p=2871739"},"modified":"2026-09-04T12:22:45","modified_gmt":"2026-09-04T12:22:45","slug":"un-reseau-de-prostitution-actif-dans-des-chalets-a-jiyeh-le-bureau-de-lutte-contre-la-traite-des-personnes-et-de-protection-des-moeurs-arrete-les-personnes-impliquees-et-place-14-chalets-sous","status":"publish","type":"news","link":"https:\/\/isf.gov.lb\/fr\/news\/un-reseau-de-prostitution-actif-dans-des-chalets-a-jiyeh-le-bureau-de-lutte-contre-la-traite-des-personnes-et-de-protection-des-moeurs-arrete-les-personnes-impliquees-et-place-14-chalets-sous\/","title":{"rendered":"Un r\u00e9seau de prostitution actif dans des chalets \u00e0 Jiyeh\u2026 le Bureau de lutte contre la traite des personnes et de protection des m\u0153urs arr\u00eate les personnes impliqu\u00e9es et place 14 chalets sous scell\u00e9s."},"content":{"rendered":"","protected":false},"author":73,"featured_media":0,"template":"","class_list":["post-2871739","news","type-news","status-publish","hentry"],"acf":{"content":"<p class=\"PDq2pG_selectionAnchorContainer\" style=\"text-align: center; font-size:16px; direction:ltr;\" data-start=\"14\" data-end=\"133\"><span style=\"text-decoration: underline\"><strong data-start=\"14\" data-end=\"133\">La Direction g\u00e9n\u00e9rale des Forces de s\u00e9curit\u00e9 int\u00e9rieure \u2013 Division des relations publiques communique ce qui suit :<\/strong><\/span><\/p>\n<p data-start=\"135\" data-end=\"733\" style=\"font-size:16px; direction:ltr;\">Dans le cadre des efforts continus d\u00e9ploy\u00e9s par les Forces de s\u00e9curit\u00e9 int\u00e9rieure pour lutter contre les diff\u00e9rentes formes de criminalit\u00e9, notamment la traite des personnes et les activit\u00e9s li\u00e9es \u00e0 la prostitution, le <strong data-start=\"354\" data-end=\"370\">24 ao\u00fbt 2026<\/strong>, le <strong data-start=\"375\" data-end=\"452\">Bureau de lutte contre la traite des personnes et de protection des m\u0153urs<\/strong>, relevant de l\u2019Unit\u00e9 de police judiciaire, a re\u00e7u des informations indiquant que plusieurs femmes sollicitaient des clients parmi les automobilistes et les passants sur la route c\u00f4ti\u00e8re dans le secteur de <strong data-start=\"658\" data-end=\"667\">Jiyeh<\/strong>, et se livraient \u00e0 la prostitution dans des chalets de la r\u00e9gion.<\/p>\n<p data-start=\"735\" data-end=\"1085\" style=\"font-size:16px; direction:ltr;\">\u00c0 la suite de ces informations, et apr\u00e8s coordination avec l\u2019autorit\u00e9 judiciaire comp\u00e9tente, une unit\u00e9 du Bureau s\u2019est rendue sur les lieux et a arr\u00eat\u00e9 <strong data-start=\"887\" data-end=\"902\">cinq femmes<\/strong>, dont deux de nationalit\u00e9 libanaise et trois de nationalit\u00e9 syrienne, ainsi qu\u2019un ressortissant irakien responsable des chalets, soup\u00e7onn\u00e9 de faciliter les activit\u00e9s de prostitution.<\/p>\n<p data-start=\"1087\" data-end=\"1355\" style=\"font-size:16px; direction:ltr;\">Lors de leur interrogatoire, les cinq femmes ont reconnu solliciter des clients et se livrer \u00e0 la prostitution \u00e0 l\u2019int\u00e9rieur des chalets, avec l\u2019aide du responsable pr\u00e9cit\u00e9 et d\u2019un autre employ\u00e9 travaillant de nuit, et avec la connaissance du propri\u00e9taire des chalets.<\/p>\n<p data-start=\"1357\" data-end=\"1613\" style=\"font-size:16px; direction:ltr;\">Dans le cadre de la poursuite de l\u2019enqu\u00eate, l\u2019employ\u00e9 et le propri\u00e9taire des chalets ont \u00e9t\u00e9 convoqu\u00e9s. Le premier s\u2019est pr\u00e9sent\u00e9 et a reconnu les faits qui lui \u00e9taient reproch\u00e9s lors de son interrogatoire, tandis que le propri\u00e9taire ne s\u2019est pas pr\u00e9sent\u00e9.<\/p>\n<p data-start=\"1615\" data-end=\"1977\" style=\"font-size:16px; direction:ltr;\">Sur instruction de l\u2019autorit\u00e9 judiciaire comp\u00e9tente, toutes les personnes impliqu\u00e9es ont \u00e9t\u00e9 plac\u00e9es en \u00e9tat d\u2019arrestation. <strong data-start=\"1739\" data-end=\"1841\">Quatorze chalets ainsi que l\u2019entr\u00e9e principale de l\u2019h\u00f4tel ont \u00e9t\u00e9 plac\u00e9s sous scell\u00e9s judiciaires.<\/strong> Un avis de recherche a \u00e9galement \u00e9t\u00e9 \u00e9mis \u00e0 l\u2019encontre du propri\u00e9taire des chalets, et les recherches se poursuivent afin de l\u2019arr\u00eater.<\/p>\n","date":"04\/09\/2026","media":[{"file":"https:\/\/isf.gov.lb\/wp-content\/uploads\/2026\/09\/440.jpeg","thumbnail":false,"youtube_iframe":""},{"file":"https:\/\/isf.gov.lb\/wp-content\/uploads\/2026\/09\/440-1.jpeg","thumbnail":false,"youtube_iframe":""}],"pinned":false},"_links":{"self":[{"href":"https:\/\/isf.gov.lb\/fr\/wp-json\/wp\/v2\/news\/2871739","targetHints":{"allow":["GET"]}}],"collection":[{"href":"https:\/\/isf.gov.lb\/fr\/wp-json\/wp\/v2\/news"}],"about":[{"href":"https:\/\/isf.gov.lb\/fr\/wp-json\/wp\/v2\/types\/news"}],"author":[{"embeddable":true,"href":"https:\/\/isf.gov.lb\/fr\/wp-json\/wp\/v2\/users\/73"}],"wp:attachment":[{"href":"https:\/\/isf.gov.lb\/fr\/wp-json\/wp\/v2\/media?parent=2871739"}],"curies":[{"name":"wp","href":"https:\/\/api.w.org\/{rel}","templated":true}]}}