{"id":2867994,"date":"2026-09-04T10:58:36","date_gmt":"2026-09-04T10:58:36","guid":{"rendered":"https:\/\/isf.gov.lb\/?post_type=news&#038;p=2867994"},"modified":"2026-09-04T10:58:44","modified_gmt":"2026-09-04T10:58:44","slug":"diffusion-du-signalement-du-corps-dune-jeune-femme-non-identifiee-aux-traits-africains-quelquun-dispose-t-il-dinformations-a-son-sujet","status":"publish","type":"news","link":"https:\/\/isf.gov.lb\/fr\/news\/diffusion-du-signalement-du-corps-dune-jeune-femme-non-identifiee-aux-traits-africains-quelquun-dispose-t-il-dinformations-a-son-sujet\/","title":{"rendered":"Diffusion du signalement du corps d\u2019une jeune femme non identifi\u00e9e, aux traits africains\u2026 quelqu\u2019un dispose-t-il d\u2019informations \u00e0 son sujet ?"},"content":{"rendered":"","protected":false},"author":73,"featured_media":0,"template":"","class_list":["post-2867994","news","type-news","status-publish","hentry"],"acf":{"content":"<p class=\"PDq2pG_selectionAnchorContainer\" style=\"text-align: center; font-size:16px; direction:ltr;\" data-start=\"14\" data-end=\"133\"><span style=\"text-decoration: underline\"><strong data-start=\"14\" data-end=\"133\">La Direction g\u00e9n\u00e9rale des Forces de s\u00e9curit\u00e9 int\u00e9rieure \u2013 Division des relations publiques communique ce qui suit :<\/strong><\/span><\/p>\n<p data-start=\"135\" data-end=\"552\" style=\"font-size:16px; direction:ltr;\">Le <strong data-start=\"138\" data-end=\"160\">1er septembre 2026<\/strong>, le corps d\u2019une femme non identifi\u00e9e, aux traits africains, a \u00e9t\u00e9 retrouv\u00e9 dans le secteur de <strong data-start=\"255\" data-end=\"274\">Ramlet el-Baida<\/strong>, \u00e0 l\u2019int\u00e9rieur du lieu connu sous le nom de <strong data-start=\"319\" data-end=\"345\">\u00ab site du Summerland \u00bb<\/strong>. Dans son rapport, le m\u00e9decin l\u00e9giste ayant examin\u00e9 le corps a indiqu\u00e9 que le d\u00e9c\u00e8s \u00e9tait d\u00fb \u00e0 un <strong data-start=\"444\" data-end=\"471\">arr\u00eat cardiaque soudain<\/strong>. Le corps a \u00e9t\u00e9 transf\u00e9r\u00e9 \u00e0 la morgue de <strong data-start=\"513\" data-end=\"551\">l\u2019H\u00f4pital gouvernemental de Baabda<\/strong>.<\/p>\n<p data-start=\"554\" data-end=\"571\" style=\"font-size:16px; direction:ltr;\"><strong data-start=\"554\" data-end=\"571\">Signalement :<\/strong><\/p>\n<p data-start=\"573\" data-end=\"879\" style=\"font-size:16px; direction:ltr;\">Une femme \u00e2g\u00e9e d\u2019une trentaine d\u2019ann\u00e9es, \u00e0 la peau fonc\u00e9e et aux traits africains, de corpulence mince, mesurant environ <strong data-start=\"694\" data-end=\"704\">160 cm<\/strong>, portant deux anneaux, l\u2019un au nez et l\u2019autre \u00e0 l\u2019oreille droite. Elle pr\u00e9sente \u00e9galement, sur le c\u00f4t\u00e9 gauche de la poitrine, un tatouage comportant des caract\u00e8res \u00e9trangers.<\/p>\n<p data-start=\"881\" data-end=\"1355\" style=\"font-size:16px; direction:ltr;\">Par cons\u00e9quent, et sur instruction de l\u2019autorit\u00e9 judiciaire comp\u00e9tente, la Direction g\u00e9n\u00e9rale des Forces de s\u00e9curit\u00e9 int\u00e9rieure demande \u00e0 ses proches ou \u00e0 toute personne disposant d\u2019informations \u00e0 son sujet de contacter le <strong data-start=\"1104\" data-end=\"1142\">poste de police de Ramlet el-Baida<\/strong>, relevant de l\u2019Unit\u00e9 de police de Beyrouth, au <strong data-start=\"1190\" data-end=\"1203\">01-771922<\/strong>, afin de communiquer toute information utile, en vue d\u2019accomplir les proc\u00e9dures l\u00e9gales n\u00e9cessaires et de permettre \u00e0 sa famille de r\u00e9cup\u00e9rer le corps.<\/p>\n","date":"04\/09\/2026","media":[{"file":"https:\/\/isf.gov.lb\/wp-content\/uploads\/2026\/08\/site-template-Recovered.jpg-21.jpeg","thumbnail":false,"youtube_iframe":""}],"pinned":false},"_links":{"self":[{"href":"https:\/\/isf.gov.lb\/fr\/wp-json\/wp\/v2\/news\/2867994","targetHints":{"allow":["GET"]}}],"collection":[{"href":"https:\/\/isf.gov.lb\/fr\/wp-json\/wp\/v2\/news"}],"about":[{"href":"https:\/\/isf.gov.lb\/fr\/wp-json\/wp\/v2\/types\/news"}],"author":[{"embeddable":true,"href":"https:\/\/isf.gov.lb\/fr\/wp-json\/wp\/v2\/users\/73"}],"wp:attachment":[{"href":"https:\/\/isf.gov.lb\/fr\/wp-json\/wp\/v2\/media?parent=2867994"}],"curies":[{"name":"wp","href":"https:\/\/api.w.org\/{rel}","templated":true}]}}