{"id":2867910,"date":"2026-09-04T10:56:57","date_gmt":"2026-09-04T10:56:57","guid":{"rendered":"https:\/\/isf.gov.lb\/?post_type=news&#038;p=2867910"},"modified":"2026-09-04T10:57:01","modified_gmt":"2026-09-04T10:57:01","slug":"63-sachets-de-haschisch-et-120-comprimes-stupefiants-en-sa-possession-la-brigade-dinvestigation-du-mont-liban-arrete-un-trafiquant-a-jbeil","status":"publish","type":"news","link":"https:\/\/isf.gov.lb\/fr\/news\/63-sachets-de-haschisch-et-120-comprimes-stupefiants-en-sa-possession-la-brigade-dinvestigation-du-mont-liban-arrete-un-trafiquant-a-jbeil\/","title":{"rendered":"63 sachets de haschisch et 120 comprim\u00e9s stup\u00e9fiants en sa possession\u2026 la Brigade d\u2019investigation du Mont-Liban arr\u00eate un trafiquant \u00e0 Jbeil."},"content":{"rendered":"","protected":false},"author":73,"featured_media":0,"template":"","class_list":["post-2867910","news","type-news","status-publish","hentry"],"acf":{"content":"<p class=\"PDq2pG_selectionAnchorContainer\" style=\"text-align: center; font-size:16px; direction:ltr;\" data-start=\"14\" data-end=\"133\"><span style=\"text-decoration: underline\"><strong data-start=\"14\" data-end=\"133\">La Direction g\u00e9n\u00e9rale des Forces de s\u00e9curit\u00e9 int\u00e9rieure \u2013 Division des relations publiques communique ce qui suit :<\/strong><\/span><\/p>\n<p data-start=\"135\" data-end=\"576\" style=\"font-size:16px; direction:ltr;\">Dans le cadre des efforts continus d\u00e9ploy\u00e9s par les unit\u00e9s comp\u00e9tentes des Forces de s\u00e9curit\u00e9 int\u00e9rieure pour lutter contre le trafic de stup\u00e9fiants dans les diff\u00e9rentes r\u00e9gions du Liban, la <strong data-start=\"326\" data-end=\"367\">Brigade d\u2019investigation du Mont-Liban<\/strong>, relevant de l\u2019Unit\u00e9 de la gendarmerie territoriale, a obtenu des informations concernant un individu qui se livrait au trafic de stup\u00e9fiants dans la r\u00e9gion de <strong data-start=\"528\" data-end=\"537\">Jbeil<\/strong>, \u00e0 bord d\u2019une <strong data-start=\"552\" data-end=\"575\">Mercedes C300 noire<\/strong>.<\/p>\n<p data-start=\"578\" data-end=\"732\" style=\"font-size:16px; direction:ltr;\">\u00c0 la suite de ces informations, les patrouilles de la Brigade ont entrepris des op\u00e9rations sur le terrain et des investigations en vue de son arrestation.<\/p>\n<p data-start=\"734\" data-end=\"939\" style=\"font-size:16px; direction:ltr;\">Le <strong data-start=\"737\" data-end=\"757\">2 septembre 2026<\/strong>, \u00e0 l\u2019issue des investigations et du suivi, une patrouille de la Brigade l\u2019a rep\u00e9r\u00e9 sur l\u2019<strong data-start=\"847\" data-end=\"869\">autoroute de Jbeil<\/strong>. Les agents sont alors intervenus et l\u2019ont interpell\u00e9. Il s\u2019agit de :<\/p>\n<p data-start=\"941\" data-end=\"990\" style=\"font-size:16px; direction:ltr;\"><strong data-start=\"941\" data-end=\"950\">I. N.<\/strong> (n\u00e9 en 1998, de nationalit\u00e9 libanaise).<\/p>\n<p data-start=\"992\" data-end=\"1063\" style=\"font-size:16px; direction:ltr;\">Une quantit\u00e9 de stup\u00e9fiants a \u00e9t\u00e9 saisie en sa possession, comprenant :<\/p>\n<p style=\"font-size:16px; direction:ltr;\"><strong data-start=\"1067\" data-end=\"1094\">63 sachets de haschisch<\/strong> ;<\/p>\n<p style=\"font-size:16px; direction:ltr;\"><strong data-start=\"1099\" data-end=\"1125\">7 sachets de marijuana<\/strong> ;<\/p>\n<p style=\"font-size:16px; direction:ltr;\"><strong data-start=\"1130\" data-end=\"1188\">5 tubes en verre contenant des substances stup\u00e9fiantes<\/strong> ;<\/p>\n<p style=\"font-size:16px; direction:ltr;\"><strong data-start=\"1193\" data-end=\"1242\">120 comprim\u00e9s stup\u00e9fiants de diff\u00e9rents types<\/strong>, r\u00e9partis dans des sachets en nylon.<\/p>\n<p data-start=\"1281\" data-end=\"1490\" style=\"font-size:16px; direction:ltr;\">Le suspect et les substances saisies ont \u00e9t\u00e9 remis \u00e0 l\u2019unit\u00e9 comp\u00e9tente afin que les mesures l\u00e9gales n\u00e9cessaires soient prises \u00e0 son encontre, conform\u00e9ment aux instructions de l\u2019autorit\u00e9 judiciaire comp\u00e9tente.<\/p>\n","date":"04\/09\/2026","media":[{"file":"https:\/\/isf.gov.lb\/wp-content\/uploads\/2026\/09\/site-template-\u0645\u062e\u062f\u0631\u0627\u062a.jpg.jpeg","thumbnail":false,"youtube_iframe":""}],"pinned":false},"_links":{"self":[{"href":"https:\/\/isf.gov.lb\/fr\/wp-json\/wp\/v2\/news\/2867910","targetHints":{"allow":["GET"]}}],"collection":[{"href":"https:\/\/isf.gov.lb\/fr\/wp-json\/wp\/v2\/news"}],"about":[{"href":"https:\/\/isf.gov.lb\/fr\/wp-json\/wp\/v2\/types\/news"}],"author":[{"embeddable":true,"href":"https:\/\/isf.gov.lb\/fr\/wp-json\/wp\/v2\/users\/73"}],"wp:attachment":[{"href":"https:\/\/isf.gov.lb\/fr\/wp-json\/wp\/v2\/media?parent=2867910"}],"curies":[{"name":"wp","href":"https:\/\/api.w.org\/{rel}","templated":true}]}}