{"id":2861359,"date":"2026-09-04T07:06:58","date_gmt":"2026-09-04T07:06:58","guid":{"rendered":"https:\/\/isf.gov.lb\/?post_type=news&#038;p=2861359"},"modified":"2026-09-04T08:08:24","modified_gmt":"2026-09-04T08:08:24","slug":"il-profitait-de-la-situation-securitaire-pour-cambrioler-des-maisons-et-des-commerces-a-nabatiyeh-il-tombe-entre-les-mains-de-la-branche-des-renseignements","status":"publish","type":"news","link":"https:\/\/isf.gov.lb\/fr\/news\/il-profitait-de-la-situation-securitaire-pour-cambrioler-des-maisons-et-des-commerces-a-nabatiyeh-il-tombe-entre-les-mains-de-la-branche-des-renseignements\/","title":{"rendered":"Il profitait de la situation s\u00e9curitaire pour cambrioler des maisons et des commerces \u00e0 Nabatiyeh\u2026 il tombe entre les mains de la Branche des renseignements."},"content":{"rendered":"","protected":false},"author":73,"featured_media":0,"template":"","class_list":["post-2861359","news","type-news","status-publish","hentry"],"acf":{"content":"<p class=\"PDq2pG_selectionAnchorContainer\" style=\"text-align: center; font-size:16px; direction:ltr;\" data-start=\"14\" data-end=\"133\"><span style=\"text-decoration: underline\"><strong>La Direction g\u00e9n\u00e9rale des Forces de s\u00e9curit\u00e9 int\u00e9rieure \u2013 Division des relations publiques communique ce qui suit :<\/strong><\/span><\/p>\n<p data-start=\"135\" data-end=\"559\" style=\"font-size:16px; direction:ltr;\">Dans le cadre des efforts quotidiens d\u00e9ploy\u00e9s par les Forces de s\u00e9curit\u00e9 int\u00e9rieure pour lutter contre les vols dans les diff\u00e9rentes r\u00e9gions du Liban, la <strong data-start=\"289\" data-end=\"319\">Branche des renseignements<\/strong> a obtenu des informations concernant un individu non identifi\u00e9 qui commettait des vols dans des habitations et des commerces de la ville de <strong data-start=\"460\" data-end=\"473\">Nabatiyeh<\/strong>, profitant de l\u2019absence de leurs propri\u00e9taires en raison de la situation s\u00e9curitaire.<\/p>\n<p data-start=\"561\" data-end=\"813\" style=\"font-size:16px; direction:ltr;\">\u00c0 la suite de ces informations, les unit\u00e9s comp\u00e9tentes de la Branche ont entrepris des op\u00e9rations sur le terrain et des investigations afin d\u2019identifier et d\u2019arr\u00eater l\u2019auteur de ces vols. Les recherches ont permis d\u2019\u00e9tablir son identit\u00e9. Il s\u2019agit de :<\/p>\n<p data-start=\"815\" data-end=\"864\" style=\"font-size:16px; direction:ltr;\"><strong data-start=\"815\" data-end=\"824\">A. R.<\/strong> (n\u00e9 en 1993, de nationalit\u00e9 libanaise).<\/p>\n<p data-start=\"866\" data-end=\"1028\" style=\"font-size:16px; direction:ltr;\">Le <strong data-start=\"869\" data-end=\"885\">19 ao\u00fbt 2026<\/strong>, apr\u00e8s une op\u00e9ration de surveillance minutieuse, une patrouille de la Branche est parvenue \u00e0 l\u2019arr\u00eater dans le secteur de <strong data-start=\"1008\" data-end=\"1027\">Deir el-Zahrani<\/strong>.<\/p>\n<p data-start=\"1030\" data-end=\"1361\" style=\"font-size:16px; direction:ltr;\">Lors de son interrogatoire, il a reconnu avoir commis de nombreux vols dans des habitations et des commerces de la ville de Nabatiyeh. Il a \u00e9galement admis que, le jour de son arrestation, il avait d\u00e9rob\u00e9 plusieurs caisses de l\u00e9gumes dans un \u00e9tablissement commercial avant de les dissimuler derri\u00e8re son domicile \u00e0 Deir el-Zahrani.<\/p>\n<p data-start=\"1363\" data-end=\"1463\" style=\"font-size:16px; direction:ltr;\">Une patrouille de la Branche s\u2019est alors rendue sur les lieux et a pu <strong data-start=\"1433\" data-end=\"1462\">r\u00e9cup\u00e9rer les biens vol\u00e9s<\/strong>.<\/p>\n<p data-start=\"1465\" data-end=\"1658\" style=\"font-size:16px; direction:ltr;\">Les mesures l\u00e9gales n\u00e9cessaires ont \u00e9t\u00e9 prises \u00e0 l\u2019encontre du suspect, qui a \u00e9t\u00e9 remis, avec les objets saisis, \u00e0 l\u2019autorit\u00e9 comp\u00e9tente, conform\u00e9ment aux instructions de l\u2019autorit\u00e9 judiciaire.<\/p>\n","date":"04\/09\/2026","media":[{"file":"https:\/\/isf.gov.lb\/wp-content\/uploads\/2026\/09\/site-template-Recovered.jpg-29.jpeg","thumbnail":false,"youtube_iframe":""}],"pinned":false},"_links":{"self":[{"href":"https:\/\/isf.gov.lb\/fr\/wp-json\/wp\/v2\/news\/2861359","targetHints":{"allow":["GET"]}}],"collection":[{"href":"https:\/\/isf.gov.lb\/fr\/wp-json\/wp\/v2\/news"}],"about":[{"href":"https:\/\/isf.gov.lb\/fr\/wp-json\/wp\/v2\/types\/news"}],"author":[{"embeddable":true,"href":"https:\/\/isf.gov.lb\/fr\/wp-json\/wp\/v2\/users\/73"}],"wp:attachment":[{"href":"https:\/\/isf.gov.lb\/fr\/wp-json\/wp\/v2\/media?parent=2861359"}],"curies":[{"name":"wp","href":"https:\/\/api.w.org\/{rel}","templated":true}]}}