{"id":2854265,"date":"2026-09-03T11:48:42","date_gmt":"2026-09-03T11:48:42","guid":{"rendered":"https:\/\/isf.gov.lb\/?post_type=news&#038;p=2854265"},"modified":"2026-09-03T11:48:44","modified_gmt":"2026-09-03T11:48:44","slug":"les-forces-de-securite-interieure-lancent-une-campagne-de-sensibilisation-pour-souligner-limportance-du-respect-du-code-de-la-route-qui-sera-suivie-dune-campagne-de-controle-et-de-r","status":"publish","type":"news","link":"https:\/\/isf.gov.lb\/fr\/news\/les-forces-de-securite-interieure-lancent-une-campagne-de-sensibilisation-pour-souligner-limportance-du-respect-du-code-de-la-route-qui-sera-suivie-dune-campagne-de-controle-et-de-r\/","title":{"rendered":"Les Forces de s\u00e9curit\u00e9 int\u00e9rieure lancent une campagne de sensibilisation pour souligner l\u2019importance du respect du Code de la route, qui sera suivie d\u2019une campagne de contr\u00f4le et de r\u00e9pression des infractions routi\u00e8res."},"content":{"rendered":"","protected":false},"author":73,"featured_media":0,"template":"","class_list":["post-2854265","news","type-news","status-publish","hentry"],"acf":{"content":"<p class=\"PDq2pG_selectionAnchorContainer\" style=\"text-align: center; font-size:16px; direction:ltr;\" data-start=\"14\" data-end=\"133\"><span style=\"\"><strong data-start=\"14\" data-end=\"133\">La Direction g\u00e9n\u00e9rale des Forces de s\u00e9curit\u00e9 int\u00e9rieure \u2013 Division des relations publiques communique ce qui suit :<\/strong><\/span><\/p>\n<p style=\"text-align: left; font-size:16px; direction:ltr;\" data-start=\"135\" data-end=\"828\"><span style=\"\">Dans le cadre du renforcement de la <strong data-start=\"171\" data-end=\"192\">s\u00e9curit\u00e9 routi\u00e8re<\/strong> et des efforts visant \u00e0 r\u00e9duire les accidents de la route ainsi que les d\u00e9c\u00e8s, les blessures et les d\u00e9g\u00e2ts mat\u00e9riels qui en r\u00e9sultent, et en application de la d\u00e9cision du ministre de l\u2019Int\u00e9rieur et des Municipalit\u00e9s, <strong data-start=\"410\" data-end=\"429\">Mohammad Hajjar<\/strong>, d\u00e9coulant des recommandations du <strong data-start=\"464\" data-end=\"507\">Comit\u00e9 national de la s\u00e9curit\u00e9 routi\u00e8re<\/strong>, les brigades de la circulation et les unit\u00e9s concern\u00e9es des Forces de s\u00e9curit\u00e9 int\u00e9rieure ont lanc\u00e9 une <strong data-start=\"613\" data-end=\"644\">campagne de sensibilisation<\/strong> afin de souligner l\u2019importance du respect du Code de la route et de pr\u00e9venir les infractions, notamment le non-port de la ceinture de s\u00e9curit\u00e9 et l\u2019utilisation du t\u00e9l\u00e9phone au volant.<\/span><\/p>\n<p style=\"text-align: left; font-size:16px; direction:ltr;\" data-start=\"830\" data-end=\"1028\"><span style=\"\">\u00c0 compter du <strong data-start=\"843\" data-end=\"863\">7 septembre 2026<\/strong>, les unit\u00e9s des Forces de s\u00e9curit\u00e9 int\u00e9rieure commenceront \u00e0 <strong data-start=\"925\" data-end=\"977\">verbaliser les diff\u00e9rentes infractions routi\u00e8res<\/strong> dans toutes les r\u00e9gions du Liban, en particulier :<\/span><\/p>\n<p style=\"font-size:16px; direction:ltr;\"><span style=\"\">La conduite dangereuse, notamment les acrobaties \u00e0 motocyclette et les man\u0153uvres dangereuses en voiture ;<\/span><\/p>\n<p style=\"font-size:16px; direction:ltr;\"><span style=\"\">La circulation \u00e0 contresens ;<\/span><\/p>\n<p style=\"font-size:16px; direction:ltr;\"><span style=\"\">Le non-respect des feux et de la signalisation routi\u00e8re ;<\/span><\/p>\n<p style=\"font-size:16px; direction:ltr;\"><span style=\"\">L\u2019utilisation du t\u00e9l\u00e9phone au volant ;<\/span><\/p>\n<p style=\"font-size:16px; direction:ltr;\"><span style=\"\">Le non-port de la ceinture de s\u00e9curit\u00e9 ;<\/span><\/p>\n<p style=\"font-size:16px; direction:ltr;\"><span style=\"\">La conduite sous l\u2019influence de l\u2019alcool ;<\/span><\/p>\n<p style=\"font-size:16px; direction:ltr;\"><span style=\"\">Le transport d\u2019un nombre de passagers sup\u00e9rieur \u00e0 celui autoris\u00e9 ;<\/span><\/p>\n<p style=\"font-size:16px; direction:ltr;\"><span style=\"\">Le stationnement ou l\u2019arr\u00eat d\u2019une mani\u00e8re pr\u00e9sentant un danger pour la circulation ;<\/span><\/p>\n<p style=\"font-size:16px; direction:ltr;\"><span style=\"\">Le contr\u00f4le du respect, par les v\u00e9hicules destin\u00e9s au transport de passagers et de marchandises, des exigences l\u00e9gales relatives au chargement, aux dimensions, au nombre de passagers et \u00e0 la s\u00e9curit\u00e9 g\u00e9n\u00e9rale du v\u00e9hicule.<\/span><\/p>\n<p style=\"text-align: left; font-size:16px; direction:ltr;\" data-start=\"1740\" data-end=\"1860\"><span style=\"\">Les Forces de s\u00e9curit\u00e9 int\u00e9rieure <strong data-start=\"1774\" data-end=\"1822\">intensifieront \u00e9galement les contr\u00f4les radar<\/strong> afin de relever les exc\u00e8s de vitesse.<\/span><\/p>\n<p style=\"text-align: left; font-size:16px; direction:ltr;\" data-start=\"1862\" data-end=\"2201\"><span style=\"\">Des <strong data-start=\"1866\" data-end=\"1907\">points de contr\u00f4le fixes et ponctuels<\/strong> seront \u00e9galement mis en place afin de v\u00e9rifier que les conducteurs disposent des documents requis, notamment le permis de conduire, le certificat d\u2019immatriculation du v\u00e9hicule, le contrat d\u2019assurance automobile et le re\u00e7u attestant le paiement de la taxe annuelle du v\u00e9hicule (taxe m\u00e9canique).<\/span><\/p>\n<p style=\"text-align: left; font-size:16px; direction:ltr;\" data-start=\"2203\" data-end=\"2618\"><span style=\"\">R\u00e9affirmant que la protection de la s\u00e9curit\u00e9 publique et de la vie des citoyens figure au premier rang de leurs priorit\u00e9s, les Forces de s\u00e9curit\u00e9 int\u00e9rieure appellent les conducteurs \u00e0 respecter le Code de la route, \u00e0 r\u00e9gulariser la situation l\u00e9gale de leurs v\u00e9hicules, \u00e0 \u00e9viter toute infraction et \u00e0 conduire prudemment, afin de r\u00e9duire le nombre d\u2019accidents mortels et d\u2019\u00e9viter de faire l\u2019objet de contraventions.<\/span><\/p>\n","date":"03\/09\/2026","media":[{"file":"https:\/\/isf.gov.lb\/wp-content\/uploads\/2026\/09\/6.jpg-5.jpeg","thumbnail":false,"youtube_iframe":""},{"file":"https:\/\/isf.gov.lb\/wp-content\/uploads\/2026\/09\/8.jpg-2.jpeg","thumbnail":false,"youtube_iframe":""},{"file":"https:\/\/isf.gov.lb\/wp-content\/uploads\/2026\/09\/7.jpg-3.jpeg","thumbnail":false,"youtube_iframe":""},{"file":"https:\/\/isf.gov.lb\/wp-content\/uploads\/2026\/09\/5.jpg-5.jpeg","thumbnail":false,"youtube_iframe":""},{"file":"https:\/\/isf.gov.lb\/wp-content\/uploads\/2026\/09\/4.jpg-5.jpeg","thumbnail":false,"youtube_iframe":""}],"pinned":false},"_links":{"self":[{"href":"https:\/\/isf.gov.lb\/fr\/wp-json\/wp\/v2\/news\/2854265","targetHints":{"allow":["GET"]}}],"collection":[{"href":"https:\/\/isf.gov.lb\/fr\/wp-json\/wp\/v2\/news"}],"about":[{"href":"https:\/\/isf.gov.lb\/fr\/wp-json\/wp\/v2\/types\/news"}],"author":[{"embeddable":true,"href":"https:\/\/isf.gov.lb\/fr\/wp-json\/wp\/v2\/users\/73"}],"wp:attachment":[{"href":"https:\/\/isf.gov.lb\/fr\/wp-json\/wp\/v2\/media?parent=2854265"}],"curies":[{"name":"wp","href":"https:\/\/api.w.org\/{rel}","templated":true}]}}