{"id":2850365,"date":"2026-09-03T06:52:48","date_gmt":"2026-09-03T06:52:48","guid":{"rendered":"https:\/\/isf.gov.lb\/?post_type=news&#038;p=2850365"},"modified":"2026-09-03T06:52:51","modified_gmt":"2026-09-03T06:52:51","slug":"recherche-par-la-justice-et-multirecidiviste-il-derobe-par-effraction-des-bijoux-dune-valeur-de-10-000-dollars-dans-une-maison-la-branche-des-renseignements-lidentifie-et-l","status":"publish","type":"news","link":"https:\/\/isf.gov.lb\/fr\/news\/recherche-par-la-justice-et-multirecidiviste-il-derobe-par-effraction-des-bijoux-dune-valeur-de-10-000-dollars-dans-une-maison-la-branche-des-renseignements-lidentifie-et-l\/","title":{"rendered":"Recherch\u00e9 par la justice et multir\u00e9cidiviste, il d\u00e9robe par effraction des bijoux d\u2019une valeur de 10 000 dollars dans une maison\u2026 la Branche des renseignements l\u2019identifie et l\u2019arr\u00eate."},"content":{"rendered":"","protected":false},"author":73,"featured_media":0,"template":"","class_list":["post-2850365","news","type-news","status-publish","hentry"],"acf":{"content":"<p class=\"PDq2pG_selectionAnchorContainer\" style=\"text-align: center; font-size:16px; direction:ltr;\" data-start=\"14\" data-end=\"133\"><span style=\"\"><strong data-start=\"14\" data-end=\"133\">La Direction g\u00e9n\u00e9rale des Forces de s\u00e9curit\u00e9 int\u00e9rieure \u2013 Division des relations publiques communique ce qui suit :<\/strong><\/span><\/p>\n<p style=\"text-align: left; font-size:16px; direction:ltr;\" data-start=\"135\" data-end=\"749\"><span style=\"\">Dans le cadre des efforts continus d\u00e9ploy\u00e9s par les Forces de s\u00e9curit\u00e9 int\u00e9rieure pour lutter contre la criminalit\u00e9 dans les diff\u00e9rentes r\u00e9gions du Liban, et \u00e0 la suite de la plainte d\u00e9pos\u00e9e par une habitante de la localit\u00e9 d\u2019<strong data-start=\"361\" data-end=\"402\">Al-Nakhleh, dans le district du Koura<\/strong>, contre un individu non identifi\u00e9 qui avait profit\u00e9 de son absence pour s\u2019introduire par effraction dans son domicile et d\u00e9rober, dans sa chambre \u00e0 coucher, des <strong data-start=\"564\" data-end=\"631\">bijoux d\u2019une valeur estim\u00e9e \u00e0 environ 10 000 dollars am\u00e9ricains<\/strong>, les unit\u00e9s op\u00e9rationnelles ont imm\u00e9diatement entrepris des investigations sur les lieux du vol et dans les environs.<\/span><\/p>\n<p style=\"text-align: left; font-size:16px; direction:ltr;\" data-start=\"751\" data-end=\"871\"><span style=\"\">\u00c0 l\u2019issue des recherches, la <strong data-start=\"780\" data-end=\"810\">Branche des renseignements<\/strong> est parvenue \u00e0 identifier l\u2019auteur des faits. Il s\u2019agit de :<\/span><\/p>\n<p style=\"font-size:16px; direction:ltr;\"><span style=\"\"><strong data-start=\"875\" data-end=\"884\">A. S.<\/strong> (n\u00e9 en 1984, de nationalit\u00e9 libanaise),<\/span><\/p>\n<p style=\"text-align: left; font-size:16px; direction:ltr;\" data-start=\"926\" data-end=\"1040\"><span style=\"\">ayant des ant\u00e9c\u00e9dents judiciaires pour vol et faisant l\u2019objet de <strong data-start=\"991\" data-end=\"1039\">deux mandats d\u2019arr\u00eat pour la m\u00eame infraction<\/strong>.<\/span><\/p>\n<p style=\"text-align: left; font-size:16px; direction:ltr;\" data-start=\"1042\" data-end=\"1301\"><span style=\"\">Le <strong data-start=\"1045\" data-end=\"1061\">28 ao\u00fbt 2026<\/strong>, apr\u00e8s une op\u00e9ration de surveillance et de suivi, une patrouille de la Branche est parvenue \u00e0 l\u2019arr\u00eater dans le secteur de <strong data-start=\"1185\" data-end=\"1205\">Harisha \u2013 Qalhat<\/strong>. Un grand nombre de cl\u00e9s utilis\u00e9es pour commettre des vols ont \u00e9t\u00e9 retrouv\u00e9es en sa possession.<\/span><\/p>\n<p style=\"text-align: left; font-size:16px; direction:ltr;\" data-start=\"1303\" data-end=\"1419\"><span style=\"\">Lors de son interrogatoire, il a reconnu les faits qui lui \u00e9taient reproch\u00e9s et a admis avoir commis le vol pr\u00e9cit\u00e9.<\/span><\/p>\n<p style=\"text-align: left; font-size:16px; direction:ltr;\" data-start=\"1421\" data-end=\"1625\"><span style=\"\">Le suspect et les objets saisis ont \u00e9t\u00e9 remis \u00e0 l\u2019unit\u00e9 comp\u00e9tente afin que les mesures l\u00e9gales n\u00e9cessaires soient prises \u00e0 son encontre, conform\u00e9ment aux instructions de l\u2019autorit\u00e9 judiciaire comp\u00e9tente.<\/span><\/p>\n","date":"03\/09\/2026","media":[{"file":"https:\/\/isf.gov.lb\/wp-content\/uploads\/2026\/09\/site-template-Recovered.jpg-28.jpeg","thumbnail":false,"youtube_iframe":""}],"pinned":false},"_links":{"self":[{"href":"https:\/\/isf.gov.lb\/fr\/wp-json\/wp\/v2\/news\/2850365","targetHints":{"allow":["GET"]}}],"collection":[{"href":"https:\/\/isf.gov.lb\/fr\/wp-json\/wp\/v2\/news"}],"about":[{"href":"https:\/\/isf.gov.lb\/fr\/wp-json\/wp\/v2\/types\/news"}],"author":[{"embeddable":true,"href":"https:\/\/isf.gov.lb\/fr\/wp-json\/wp\/v2\/users\/73"}],"wp:attachment":[{"href":"https:\/\/isf.gov.lb\/fr\/wp-json\/wp\/v2\/media?parent=2850365"}],"curies":[{"name":"wp","href":"https:\/\/api.w.org\/{rel}","templated":true}]}}