{"id":2844034,"date":"2026-09-02T09:08:14","date_gmt":"2026-09-02T09:08:14","guid":{"rendered":"https:\/\/isf.gov.lb\/?post_type=news&#038;p=2844034"},"modified":"2026-09-02T09:08:17","modified_gmt":"2026-09-02T09:08:17","slug":"un-mobile-surprenant-derriere-lenlevement-dun-enfant-au-domicile-de-ses-parents-la-branche-des-informations-identifie-et-arrete-lauteure","status":"publish","type":"news","link":"https:\/\/isf.gov.lb\/fr\/news\/un-mobile-surprenant-derriere-lenlevement-dun-enfant-au-domicile-de-ses-parents-la-branche-des-informations-identifie-et-arrete-lauteure\/","title":{"rendered":"Un mobile surprenant derri\u00e8re l\u2019enl\u00e8vement d\u2019un enfant au domicile de ses parents\u2026 la Branche des informations identifie et arr\u00eate l\u2019auteure."},"content":{"rendered":"","protected":false},"author":73,"featured_media":0,"template":"","class_list":["post-2844034","news","type-news","status-publish","hentry"],"acf":{"content":"<p class=\"PDq2pG_selectionAnchorContainer\" style=\"text-align: center; font-size:16px; direction:ltr;\" data-start=\"14\" data-end=\"133\"><strong data-start=\"14\" data-end=\"133\">La Direction g\u00e9n\u00e9rale des Forces de s\u00e9curit\u00e9 int\u00e9rieure \u2013 Division des relations publiques communique ce qui suit :<\/strong><\/p>\n<p data-start=\"135\" data-end=\"731\" style=\"font-size:16px; direction:ltr;\">Dans le cadre des efforts continus d\u00e9ploy\u00e9s par les Forces de s\u00e9curit\u00e9 int\u00e9rieure pour lutter contre les diff\u00e9rentes formes de criminalit\u00e9 sur l\u2019ensemble du territoire libanais, et \u00e0 la suite d\u2019informations re\u00e7ues par la <strong data-start=\"356\" data-end=\"386\">Branche des informations <\/strong>concernant l\u2019enl\u00e8vement, le <strong data-start=\"415\" data-end=\"430\">9 ao\u00fbt 2026<\/strong>, d\u2019un enfant \u00e2g\u00e9 d\u2019environ un an au domicile de ses parents \u00e0 <strong data-start=\"493\" data-end=\"505\">Antelias<\/strong>, les unit\u00e9s comp\u00e9tentes de la Branche ont imm\u00e9diatement entrepris des op\u00e9rations sur le terrain et des investigations afin d\u2019\u00e9lucider les circonstances de l\u2019enl\u00e8vement, d\u2019identifier les personnes impliqu\u00e9es et de les arr\u00eater.<\/p>\n<p data-start=\"733\" data-end=\"950\" style=\"font-size:16px; direction:ltr;\">\u00c0 l\u2019issue des recherches, une patrouille de la Branche est parvenue, le <strong data-start=\"805\" data-end=\"821\">12 ao\u00fbt 2026<\/strong>, \u00e0 arr\u00eater un suspect dans le secteur d\u2019<strong data-start=\"862\" data-end=\"871\">Ouza\u00ef<\/strong> (n\u00e9 en 1999, de nationalit\u00e9 libanaise). L\u2019enfant enlev\u00e9 se trouvait avec lui :<\/p>\n<p data-start=\"952\" data-end=\"994\" style=\"font-size:16px; direction:ltr;\"><strong data-start=\"952\" data-end=\"994\">(n\u00e9 en 2025, de nationalit\u00e9 syrienne).<\/strong><\/p>\n<p data-start=\"996\" data-end=\"1176\" style=\"font-size:16px; direction:ltr;\">Lors de son interrogatoire, le suspect a d\u00e9clar\u00e9 avoir re\u00e7u l\u2019enfant d\u2019une femme avec laquelle il entretenait une relation et qui lui avait fait croire que l\u2019enfant \u00e9tait son fils.<\/p>\n<p data-start=\"1178\" data-end=\"1397\" style=\"font-size:16px; direction:ltr;\">\u00c0 la suite d\u2019investigations approfondies, la Branche est parvenue \u00e0 identifier la femme soup\u00e7onn\u00e9e d\u2019\u00eatre impliqu\u00e9e dans l\u2019enl\u00e8vement, ressortissante d\u2019un pays arabe, ainsi qu\u2019\u00e0 d\u00e9terminer l\u2019endroit o\u00f9 elle se trouvait.<\/p>\n<p data-start=\"1399\" data-end=\"1541\" style=\"font-size:16px; direction:ltr;\">Le <strong data-start=\"1402\" data-end=\"1418\">16 ao\u00fbt 2026<\/strong>, apr\u00e8s une op\u00e9ration de surveillance et de filature minutieuse, une force sp\u00e9ciale de la Branche est parvenue \u00e0 l\u2019arr\u00eater.<\/p>\n<p data-start=\"1543\" data-end=\"1984\" style=\"font-size:16px; direction:ltr;\">Lors de son interrogatoire, elle a reconnu avoir fait la connaissance de la m\u00e8re de l\u2019enfant environ un mois auparavant et s\u2019\u00eatre progressivement rapproch\u00e9e d\u2019elle. Elle a \u00e9galement admis qu\u2019elle envoyait \u00e0 l\u2019homme pr\u00e9cit\u00e9, avec lequel elle souhaitait se marier, des <strong data-start=\"1810\" data-end=\"1872\">selfies la montrant avec l\u2019enfant qu\u2019elle a ensuite enlev\u00e9<\/strong>, en lui faisant croire qu\u2019il s\u2019agissait de son fils, dans le but de faire pression sur lui pour qu\u2019il l\u2019\u00e9pouse.<\/p>\n<p data-start=\"1986\" data-end=\"2191\" style=\"font-size:16px; direction:ltr;\">L\u2019enfant a \u00e9t\u00e9 <strong data-start=\"2001\" data-end=\"2023\">rendu \u00e0 sa famille<\/strong>. Les mesures l\u00e9gales n\u00e9cessaires ont \u00e9t\u00e9 prises \u00e0 l\u2019encontre de la femme, qui a \u00e9t\u00e9 remise \u00e0 l\u2019unit\u00e9 comp\u00e9tente conform\u00e9ment aux instructions de l\u2019autorit\u00e9 judiciaire.<\/p>\n","date":"02\/09\/2026","media":[{"file":"https:\/\/isf.gov.lb\/wp-content\/uploads\/2026\/09\/site-template-Recovered.jpg-27-1.jpeg","thumbnail":false,"youtube_iframe":""}],"pinned":false},"_links":{"self":[{"href":"https:\/\/isf.gov.lb\/fr\/wp-json\/wp\/v2\/news\/2844034","targetHints":{"allow":["GET"]}}],"collection":[{"href":"https:\/\/isf.gov.lb\/fr\/wp-json\/wp\/v2\/news"}],"about":[{"href":"https:\/\/isf.gov.lb\/fr\/wp-json\/wp\/v2\/types\/news"}],"author":[{"embeddable":true,"href":"https:\/\/isf.gov.lb\/fr\/wp-json\/wp\/v2\/users\/73"}],"wp:attachment":[{"href":"https:\/\/isf.gov.lb\/fr\/wp-json\/wp\/v2\/media?parent=2844034"}],"curies":[{"name":"wp","href":"https:\/\/api.w.org\/{rel}","templated":true}]}}