{"id":2829324,"date":"2026-09-01T06:56:04","date_gmt":"2026-09-01T06:56:04","guid":{"rendered":"https:\/\/isf.gov.lb\/?post_type=news&#038;p=2829324"},"modified":"2026-09-01T06:56:06","modified_gmt":"2026-09-01T06:56:06","slug":"il-utilisait-son-domicile-comme-depot-pour-stocker-conditionner-et-distribuer-des-stupefiants-aux-trafiquants-la-brigade-dinvestigation-du-mont-liban-le-repere-et-larrete-a","status":"publish","type":"news","link":"https:\/\/isf.gov.lb\/fr\/news\/il-utilisait-son-domicile-comme-depot-pour-stocker-conditionner-et-distribuer-des-stupefiants-aux-trafiquants-la-brigade-dinvestigation-du-mont-liban-le-repere-et-larrete-a\/","title":{"rendered":"Il utilisait son domicile comme d\u00e9p\u00f4t pour stocker, conditionner et distribuer des stup\u00e9fiants aux trafiquants\u2026 la Brigade d\u2019investigation du Mont-Liban le rep\u00e8re et l\u2019arr\u00eate \u00e0 Sin el-Fil."},"content":{"rendered":"","protected":false},"author":73,"featured_media":0,"template":"","class_list":["post-2829324","news","type-news","status-publish","hentry"],"acf":{"content":"<p class=\"PDq2pG_selectionAnchorContainer\" style=\"text-align: center; font-size:16px; direction:ltr;\" data-start=\"14\" data-end=\"133\"><span style=\"text-decoration: underline\"><strong data-start=\"14\" data-end=\"133\">La Direction g\u00e9n\u00e9rale des Forces de s\u00e9curit\u00e9 int\u00e9rieure \u2013 Division des relations publiques communique ce qui suit :<\/strong><\/span><\/p>\n<p data-start=\"135\" data-end=\"567\" style=\"font-size:16px; direction:ltr;\">Dans le cadre des efforts continus d\u00e9ploy\u00e9s par les Forces de s\u00e9curit\u00e9 int\u00e9rieure pour poursuivre les personnes recherch\u00e9es et lutter contre le trafic de stup\u00e9fiants dans les diff\u00e9rentes r\u00e9gions du Liban, la <strong data-start=\"343\" data-end=\"384\">Brigade d\u2019investigation du Mont-Liban<\/strong>, relevant de l\u2019Unit\u00e9 de la gendarmerie territoriale, a obtenu des informations concernant un individu actif dans le trafic de stup\u00e9fiants dans les r\u00e9gions du <strong data-start=\"543\" data-end=\"566\">Metn et du Kesrouan<\/strong>.<\/p>\n<p data-start=\"569\" data-end=\"734\" style=\"font-size:16px; direction:ltr;\">\u00c0 la suite de ces informations, les patrouilles de la Brigade ont entrepris des op\u00e9rations sur le terrain et des investigations afin de le localiser et de l\u2019arr\u00eater.<\/p>\n<p data-start=\"736\" data-end=\"969\" style=\"font-size:16px; direction:ltr;\">\u00c0 l\u2019issue des op\u00e9rations de surveillance et de suivi, une patrouille de la Brigade est parvenue \u00e0 interpeller le suspect \u00e0 <strong data-start=\"859\" data-end=\"873\">Sin el-Fil<\/strong>, alors qu\u2019il se trouvait \u00e0 bord d\u2019une motocyclette blanche de type <strong data-start=\"941\" data-end=\"953\">\u00ab V150 \u00bb<\/strong>. Il s\u2019agit de :<\/p>\n<p data-start=\"971\" data-end=\"1022\" style=\"font-size:16px; direction:ltr;\">\u2013 <strong data-start=\"973\" data-end=\"983\">I. Kh.<\/strong> (n\u00e9 en 1997, de nationalit\u00e9 syrienne).<\/p>\n<p data-start=\"1024\" data-end=\"1341\" style=\"font-size:16px; direction:ltr;\">Sur instruction de l\u2019autorit\u00e9 judiciaire comp\u00e9tente, <strong data-start=\"1077\" data-end=\"1341\">son domicile \u00e0 Sin el-Fil a \u00e9t\u00e9 perquisitionn\u00e9. Il s\u2019est av\u00e9r\u00e9 qu\u2019il l\u2019utilisait comme d\u00e9p\u00f4t pour stocker et conditionner des stup\u00e9fiants avant de les distribuer \u00e0 des trafiquants op\u00e9rant dans des secteurs allant de Sin el-Fil, dans le Metn, jusqu\u2019au Kesrouan.<\/strong><\/p>\n<p data-start=\"1343\" data-end=\"1396\" style=\"font-size:16px; direction:ltr;\">Les \u00e9l\u00e9ments suivants ont \u00e9t\u00e9 saisis \u00e0 son domicile :<\/p>\n<p style=\"font-size:16px; direction:ltr;\"><strong data-start=\"1400\" data-end=\"1415\">107 sachets<\/strong> contenant une substance stup\u00e9fiante portant l\u2019appellation \u00ab Baz Extra \u00bb ;<\/p>\n<p style=\"font-size:16px; direction:ltr;\"><strong data-start=\"1492\" data-end=\"1506\">60 sachets<\/strong> contenant une substance stup\u00e9fiante portant l\u2019appellation \u00ab Ajnabi Extra \u00bb ;<\/p>\n<p style=\"font-size:16px; direction:ltr;\"><strong data-start=\"1586\" data-end=\"1601\">104 sachets<\/strong> contenant une substance stup\u00e9fiante portant l\u2019appellation \u00ab Net Adi \u00bb ;<\/p>\n<p style=\"font-size:16px; direction:ltr;\"><strong data-start=\"1676\" data-end=\"1691\">153 sachets<\/strong> contenant une substance stup\u00e9fiante portant l\u2019appellation \u00ab Net Extra \u00bb ;<\/p>\n<p style=\"font-size:16px; direction:ltr;\"><strong data-start=\"1768\" data-end=\"1795\">33 sachets de marijuana<\/strong> ;<\/p>\n<p style=\"font-size:16px; direction:ltr;\"><strong data-start=\"1800\" data-end=\"1827\">59 sachets de haschisch<\/strong> ;<\/p>\n<p style=\"font-size:16px; direction:ltr;\">Un morceau de <strong data-start=\"1846\" data-end=\"1862\">crystal meth<\/strong> ;<\/p>\n<p style=\"font-size:16px; direction:ltr;\">Des sachets vides destin\u00e9s au conditionnement des stup\u00e9fiants ;<\/p>\n<p style=\"font-size:16px; direction:ltr;\">Une somme d\u2019argent et <strong data-start=\"1955\" data-end=\"1986\">quatre t\u00e9l\u00e9phones portables<\/strong>.<\/p>\n<p data-start=\"1989\" data-end=\"2231\" style=\"font-size:16px; direction:ltr;\">Le suspect, les substances et objets saisis ainsi que la motocyclette ont \u00e9t\u00e9 remis \u00e0 l\u2019unit\u00e9 comp\u00e9tente afin que les mesures l\u00e9gales n\u00e9cessaires soient prises \u00e0 son encontre, conform\u00e9ment aux instructions de l\u2019autorit\u00e9 judiciaire comp\u00e9tente.<\/p>\n","date":"01\/09\/2026","media":[{"file":"https:\/\/isf.gov.lb\/wp-content\/uploads\/2026\/09\/1.jpg-7.jpeg","thumbnail":false,"youtube_iframe":""}],"pinned":false},"_links":{"self":[{"href":"https:\/\/isf.gov.lb\/fr\/wp-json\/wp\/v2\/news\/2829324","targetHints":{"allow":["GET"]}}],"collection":[{"href":"https:\/\/isf.gov.lb\/fr\/wp-json\/wp\/v2\/news"}],"about":[{"href":"https:\/\/isf.gov.lb\/fr\/wp-json\/wp\/v2\/types\/news"}],"author":[{"embeddable":true,"href":"https:\/\/isf.gov.lb\/fr\/wp-json\/wp\/v2\/users\/73"}],"wp:attachment":[{"href":"https:\/\/isf.gov.lb\/fr\/wp-json\/wp\/v2\/media?parent=2829324"}],"curies":[{"name":"wp","href":"https:\/\/api.w.org\/{rel}","templated":true}]}}