{"id":2823605,"date":"2026-08-31T09:14:24","date_gmt":"2026-08-31T09:14:24","guid":{"rendered":"https:\/\/isf.gov.lb\/?post_type=news&#038;p=2823605"},"modified":"2026-08-31T09:14:47","modified_gmt":"2026-08-31T09:14:47","slug":"il-ingere-des-capsules-contenant-pres-de-2-kg-de-cocaine-et-les-introduit-au-liban-via-laeroport-loffice-central-de-lutte-contre-les-stupefiants-le-repere-larrete","status":"publish","type":"news","link":"https:\/\/isf.gov.lb\/fr\/news\/il-ingere-des-capsules-contenant-pres-de-2-kg-de-cocaine-et-les-introduit-au-liban-via-laeroport-loffice-central-de-lutte-contre-les-stupefiants-le-repere-larrete\/","title":{"rendered":"Il ing\u00e8re des capsules contenant pr\u00e8s de 2 kg de coca\u00efne et les introduit au Liban via l\u2019a\u00e9roport\u2026 l\u2019Office central de lutte contre les stup\u00e9fiants le rep\u00e8re, l\u2019arr\u00eate dans un h\u00f4tel de Hamra et saisit la drogue."},"content":{"rendered":"","protected":false},"author":73,"featured_media":0,"template":"","class_list":["post-2823605","news","type-news","status-publish","hentry"],"acf":{"content":"<p class=\"PDq2pG_selectionAnchorContainer\" style=\"text-align: center; font-size:16px; direction:ltr;\" data-start=\"14\" data-end=\"133\"><span style=\"\"><strong data-start=\"14\" data-end=\"133\">La Direction g\u00e9n\u00e9rale des Forces de s\u00e9curit\u00e9 int\u00e9rieure \u2013 Division des relations publiques communique ce qui suit :<\/strong><\/span><\/p>\n<p style=\"text-align: left; font-size:16px; direction:ltr;\" data-start=\"135\" data-end=\"766\"><span style=\"\">Dans le cadre des efforts continus d\u00e9ploy\u00e9s par les Forces de s\u00e9curit\u00e9 int\u00e9rieure pour poursuivre les personnes impliqu\u00e9es dans le trafic et la distribution de stup\u00e9fiants, et conform\u00e9ment au plan de s\u00e9curit\u00e9 mis en place par l\u2019<strong data-start=\"363\" data-end=\"393\">Unit\u00e9 de police judiciaire<\/strong> afin de lutter contre le fl\u00e9au de la drogue et d\u2019en limiter la propagation, l\u2019<strong data-start=\"472\" data-end=\"522\">Office central de lutte contre les stup\u00e9fiants<\/strong> a obtenu des informations concernant un ressortissant nig\u00e9rian qui aurait introduit de la <strong data-start=\"613\" data-end=\"685\">coca\u00efne au Liban via l\u2019a\u00e9roport en l\u2019ing\u00e9rant sous forme de capsules<\/strong>. Le suspect \u00e9tait entr\u00e9 sur le territoire libanais \u00e0 l\u2019aube du <strong data-start=\"749\" data-end=\"765\">14 ao\u00fbt 2026<\/strong>.<\/span><\/p>\n<p style=\"text-align: left; font-size:16px; direction:ltr;\" data-start=\"768\" data-end=\"1000\"><span style=\"\">\u00c0 l\u2019issue d\u2019investigations approfondies men\u00e9es par les patrouilles de l\u2019Office, ainsi que de la collecte et du recoupement des informations, les enqu\u00eateurs sont parvenus \u00e0 localiser le suspect dans un h\u00f4tel du quartier de <strong data-start=\"990\" data-end=\"999\">Hamra<\/strong>.<\/span><\/p>\n<p style=\"text-align: left; font-size:16px; direction:ltr;\" data-start=\"1002\" data-end=\"1139\"><span style=\"\">Des instructions ont alors \u00e9t\u00e9 donn\u00e9es aux patrouilles de l\u2019Office afin de le placer sous \u00e9troite surveillance en vue de son arrestation.<\/span><\/p>\n<p style=\"text-align: left; font-size:16px; direction:ltr;\" data-start=\"1141\" data-end=\"1294\"><span style=\"\">Le <strong data-start=\"1144\" data-end=\"1160\">16 ao\u00fbt 2026<\/strong>, une unit\u00e9 de l\u2019Office a effectu\u00e9 une descente sur son lieu de s\u00e9jour et l\u2019a interpell\u00e9 lors d\u2019une op\u00e9ration surprise. Il s\u2019agit de :<\/span><\/p>\n<p style=\"text-align: left; font-size:16px; direction:ltr;\" data-start=\"1296\" data-end=\"1345\"><span style=\"\"><strong data-start=\"1296\" data-end=\"1305\">I. S.<\/strong> (n\u00e9 en 1984, de nationalit\u00e9 nig\u00e9riane).<\/span><\/p>\n<p style=\"text-align: left; font-size:16px; direction:ltr;\" data-start=\"1347\" data-end=\"1453\"><span style=\"\">Les agents ont saisi en sa possession <strong data-start=\"1385\" data-end=\"1452\">78 capsules contenant de la coca\u00efne, d\u2019un poids total de 1,8 kg<\/strong>.<\/span><\/p>\n<p style=\"text-align: left; font-size:16px; direction:ltr;\" data-start=\"1455\" data-end=\"1608\"><span style=\"\">Les mesures l\u00e9gales n\u00e9cessaires ont \u00e9t\u00e9 prises \u00e0 l\u2019encontre du suspect, qui a \u00e9t\u00e9 remis, avec les substances saisies, \u00e0 l\u2019autorit\u00e9 judiciaire comp\u00e9tente.<\/span><\/p>\n","date":"31\/08\/2026","media":[{"file":"https:\/\/isf.gov.lb\/wp-content\/uploads\/2026\/08\/site-template-Recovered-Recovered.jpg-21.jpeg","thumbnail":false,"youtube_iframe":""}],"pinned":false},"_links":{"self":[{"href":"https:\/\/isf.gov.lb\/fr\/wp-json\/wp\/v2\/news\/2823605","targetHints":{"allow":["GET"]}}],"collection":[{"href":"https:\/\/isf.gov.lb\/fr\/wp-json\/wp\/v2\/news"}],"about":[{"href":"https:\/\/isf.gov.lb\/fr\/wp-json\/wp\/v2\/types\/news"}],"author":[{"embeddable":true,"href":"https:\/\/isf.gov.lb\/fr\/wp-json\/wp\/v2\/users\/73"}],"wp:attachment":[{"href":"https:\/\/isf.gov.lb\/fr\/wp-json\/wp\/v2\/media?parent=2823605"}],"curies":[{"name":"wp","href":"https:\/\/api.w.org\/{rel}","templated":true}]}}