{"id":2819027,"date":"2026-08-31T06:36:03","date_gmt":"2026-08-31T06:36:03","guid":{"rendered":"https:\/\/isf.gov.lb\/?post_type=news&#038;p=2819027"},"modified":"2026-08-31T06:36:06","modified_gmt":"2026-08-31T06:36:06","slug":"apres-avoir-fait-chanter-des-jeunes-filles-mineures-le-suspect-est-arrete-par-la-branche-des-renseignements-les-forces-de-securite-interieure-rappellent-aux-parents-limportance-de-sensibili","status":"publish","type":"news","link":"https:\/\/isf.gov.lb\/fr\/news\/apres-avoir-fait-chanter-des-jeunes-filles-mineures-le-suspect-est-arrete-par-la-branche-des-renseignements-les-forces-de-securite-interieure-rappellent-aux-parents-limportance-de-sensibili\/","title":{"rendered":"Apr\u00e8s avoir fait chanter des jeunes filles mineures, le suspect est arr\u00eat\u00e9 par la Branche des renseignements. Les Forces de s\u00e9curit\u00e9 int\u00e9rieure rappellent aux parents l\u2019importance de sensibiliser leurs enfants."},"content":{"rendered":"","protected":false},"author":73,"featured_media":0,"template":"","class_list":["post-2819027","news","type-news","status-publish","hentry"],"acf":{"content":"<p class=\"PDq2pG_selectionAnchorContainer\" style=\"text-align: center; font-size:16px; direction:ltr;\" data-start=\"14\" data-end=\"133\"><span style=\"\"><strong data-start=\"14\" data-end=\"133\">La Direction g\u00e9n\u00e9rale des Forces de s\u00e9curit\u00e9 int\u00e9rieure \u2013 Division des relations publiques communique ce qui suit :<\/strong><\/span><\/p>\n<p style=\"text-align: left; font-size:16px; direction:ltr;\" data-start=\"135\" data-end=\"429\"><span style=\"\">Dans le cadre des efforts continus d\u00e9ploy\u00e9s par les Forces de s\u00e9curit\u00e9 int\u00e9rieure pour lutter contre les diff\u00e9rentes formes de criminalit\u00e9, la <strong data-start=\"278\" data-end=\"308\">Branche des renseignements<\/strong> a obtenu des informations concernant un individu non identifi\u00e9 qui se livrait au <strong data-start=\"390\" data-end=\"428\">chantage de jeunes filles mineures<\/strong>.<\/span><\/p>\n<p style=\"text-align: left; font-size:16px; direction:ltr;\" data-start=\"431\" data-end=\"720\"><span style=\"\">\u00c0 la suite de ces informations, les unit\u00e9s comp\u00e9tentes de la Branche ont entrepris des op\u00e9rations sur le terrain et des investigations afin d\u2019identifier et d\u2019arr\u00eater l\u2019auteur des faits. \u00c0 l\u2019issue d\u2019investigations approfondies, la Branche est parvenue \u00e0 \u00e9tablir son identit\u00e9. Il s\u2019agit de :<\/span><\/p>\n<p style=\"font-size:16px; direction:ltr;\"><span style=\"\"><strong data-start=\"724\" data-end=\"733\">A. M.<\/strong> (n\u00e9 en 2004, de nationalit\u00e9 syrienne).<\/span><\/p>\n<p style=\"text-align: left; font-size:16px; direction:ltr;\" data-start=\"774\" data-end=\"982\"><span style=\"\">Le <strong data-start=\"777\" data-end=\"793\">10 ao\u00fbt 2026<\/strong>, apr\u00e8s une op\u00e9ration de surveillance minutieuse, une patrouille de la Branche est parvenue \u00e0 l\u2019arr\u00eater lors d\u2019une <strong data-start=\"908\" data-end=\"981\">embuscade soigneusement pr\u00e9par\u00e9e dans le secteur de Bourj el-Barajneh<\/strong>.<\/span><\/p>\n<p style=\"text-align: left; font-size:16px; direction:ltr;\" data-start=\"984\" data-end=\"1144\"><span style=\"\">Les mesures l\u00e9gales n\u00e9cessaires ont \u00e9t\u00e9 prises \u00e0 son encontre et il a \u00e9t\u00e9 remis \u00e0 l\u2019autorit\u00e9 comp\u00e9tente, conform\u00e9ment aux instructions de l\u2019autorit\u00e9 judiciaire.<\/span><\/p>\n<p style=\"text-align: left; font-size:16px; direction:ltr;\" data-start=\"1146\" data-end=\"1165\"><span style=\"\"><strong data-start=\"1146\" data-end=\"1165\">Mise en garde :<\/strong><\/span><\/p>\n<p style=\"text-align: left; font-size:16px; direction:ltr;\" data-start=\"1167\" data-end=\"1480\"><span style=\"\">Dans ce contexte, les Forces de s\u00e9curit\u00e9 int\u00e9rieure rappellent aux parents l\u2019importance de <strong data-start=\"1258\" data-end=\"1389\">sensibiliser leurs enfants aux risques li\u00e9s aux \u00e9changes avec des inconnus ou des personnes non fiables sur les r\u00e9seaux sociaux<\/strong>, et de leur apprendre \u00e0 ne pas partager avec eux de photos ou d\u2019informations personnelles.<\/span><\/p>\n<p style=\"text-align: left; font-size:16px; direction:ltr;\" data-start=\"1482\" data-end=\"1816\"><span style=\"\">Elles appellent \u00e9galement toute personne faisant l\u2019objet de menaces ou de chantage \u00e0 <strong data-start=\"1567\" data-end=\"1730\">ne pas c\u00e9der au ma\u00eetre-chanteur ni r\u00e9pondre \u00e0 ses exigences, \u00e0 conserver les \u00e9l\u00e9ments de preuve et \u00e0 signaler imm\u00e9diatement les faits aux autorit\u00e9s comp\u00e9tentes<\/strong>. Un signalement rapide contribue \u00e0 prot\u00e9ger les victimes et \u00e0 poursuivre les auteurs.<\/span><\/p>\n","date":"31\/08\/2026","media":[{"file":"https:\/\/isf.gov.lb\/wp-content\/uploads\/2026\/08\/site-template-Recovered.jpg-25.jpeg","thumbnail":false,"youtube_iframe":""}],"pinned":false},"_links":{"self":[{"href":"https:\/\/isf.gov.lb\/fr\/wp-json\/wp\/v2\/news\/2819027","targetHints":{"allow":["GET"]}}],"collection":[{"href":"https:\/\/isf.gov.lb\/fr\/wp-json\/wp\/v2\/news"}],"about":[{"href":"https:\/\/isf.gov.lb\/fr\/wp-json\/wp\/v2\/types\/news"}],"author":[{"embeddable":true,"href":"https:\/\/isf.gov.lb\/fr\/wp-json\/wp\/v2\/users\/73"}],"wp:attachment":[{"href":"https:\/\/isf.gov.lb\/fr\/wp-json\/wp\/v2\/media?parent=2819027"}],"curies":[{"name":"wp","href":"https:\/\/api.w.org\/{rel}","templated":true}]}}