{"id":1922150,"date":"2026-05-01T08:24:47","date_gmt":"2026-05-01T08:24:47","guid":{"rendered":"https:\/\/isf.gov.lb\/?post_type=news&#038;p=1922150"},"modified":"2026-05-01T10:22:45","modified_gmt":"2026-05-01T10:22:45","slug":"mesures-de-circulation-dans-le-quartier-de-gemmayze-a-partir-du-1er-juin-2026-et-pour-une-duree-de-15-jours-en-raison-de-travaux-de-maintenance","status":"publish","type":"news","link":"https:\/\/isf.gov.lb\/fr\/news\/mesures-de-circulation-dans-le-quartier-de-gemmayze-a-partir-du-1er-juin-2026-et-pour-une-duree-de-15-jours-en-raison-de-travaux-de-maintenance\/","title":{"rendered":"Mesures de circulation dans le quartier de Gemmayz\u00e9 \u00e0 partir du 1-5- 2026 et pour une dur\u00e9e de 15 jours, en raison de travaux de maintenance."},"content":{"rendered":"","protected":false},"author":73,"featured_media":0,"template":"","class_list":["post-1922150","news","type-news","status-publish","hentry"],"acf":{"content":"<p style=\"text-align: center; font-size:16px; direction:ltr;\" data-start=\"56\" data-end=\"178\"><span style=\"\">La Direction g\u00e9n\u00e9rale des Forces de s\u00e9curit\u00e9 int\u00e9rieure \u2013 Service des relations publiques a publi\u00e9 le communiqu\u00e9 suivant :<\/span><\/p>\n<p style=\"text-align: left; font-size:16px; direction:ltr;\" data-start=\"180\" data-end=\"412\"><span style=\"\">La municipalit\u00e9 de Beyrouth proc\u00e9dera \u00e0 des travaux de maintenance de la chauss\u00e9e et des trottoirs dans le quartier de Gemmayz\u00e9, sur l\u2019axe s\u2019\u00e9tendant du carrefour Georges Haddad (restaurant Chez Paul) jusqu\u2019\u00e0 l\u2019\u00e9glise Saint-Antoine.<\/span><\/p>\n<p style=\"text-align: left; font-size:16px; direction:ltr;\" data-start=\"414\" data-end=\"487\"><span style=\"\">Les travaux d\u00e9buteront \u00e0 partir du 01\/05\/2026 pour une dur\u00e9e de 15 jours.<\/span><\/p>\n<p style=\"text-align: left; font-size:16px; direction:ltr;\" data-start=\"489\" data-end=\"696\"><span style=\"\">En cons\u00e9quence, la circulation sera coup\u00e9e dans ce secteur et d\u00e9vi\u00e9e depuis la rue Georges Haddad en direction de la Maison des Kata\u00ebb (sens descendant), et depuis le carrefour Borj El-Ghazal (sens montant).<\/span><\/p>\n<p style=\"text-align: left; font-size:16px; direction:ltr;\" data-start=\"698\" data-end=\"933\"><span style=\"\">Les citoyens sont pri\u00e9s d\u2019en prendre connaissance et de se conformer aux instructions des \u00e9l\u00e9ments des Forces de s\u00e9curit\u00e9 int\u00e9rieure ainsi qu\u2019\u00e0 la signalisation routi\u00e8re, afin de faciliter la circulation et d\u2019\u00e9viter les embouteillages.<\/span><\/p>\n","date":"01\/05\/2026","media":[{"file":"https:\/\/isf.gov.lb\/wp-content\/uploads\/2026\/01\/\u062a\u062f\u0627\u0628\u064a\u0631-\u0633\u064a\u0631-\u0645\u0648\u0642\u0639.jpeg","thumbnail":false,"youtube_iframe":""}],"pinned":false},"_links":{"self":[{"href":"https:\/\/isf.gov.lb\/fr\/wp-json\/wp\/v2\/news\/1922150","targetHints":{"allow":["GET"]}}],"collection":[{"href":"https:\/\/isf.gov.lb\/fr\/wp-json\/wp\/v2\/news"}],"about":[{"href":"https:\/\/isf.gov.lb\/fr\/wp-json\/wp\/v2\/types\/news"}],"author":[{"embeddable":true,"href":"https:\/\/isf.gov.lb\/fr\/wp-json\/wp\/v2\/users\/73"}],"wp:attachment":[{"href":"https:\/\/isf.gov.lb\/fr\/wp-json\/wp\/v2\/media?parent=1922150"}],"curies":[{"name":"wp","href":"https:\/\/api.w.org\/{rel}","templated":true}]}}