{"id":1913895,"date":"2026-04-29T15:54:07","date_gmt":"2026-04-29T15:54:07","guid":{"rendered":"https:\/\/isf.gov.lb\/?post_type=news&#038;p=1913895"},"modified":"2026-04-29T16:02:31","modified_gmt":"2026-04-29T16:02:31","slug":"mesures-de-circulation-en-raison-de-travaux-dexcavation-pour-lextension-de-conduites-deau-dans-le-secteur-de-la-descente-de-borj-abi-haidar-rue-abdel-basset-ghando","status":"publish","type":"news","link":"https:\/\/isf.gov.lb\/fr\/news\/mesures-de-circulation-en-raison-de-travaux-dexcavation-pour-lextension-de-conduites-deau-dans-le-secteur-de-la-descente-de-borj-abi-haidar-rue-abdel-basset-ghando\/","title":{"rendered":"Mesures de circulation en raison de travaux d\u2019excavation pour l\u2019extension de conduites d\u2019eau dans le secteur de la descente de Borj Abi Haidar \u2013 rue Abdel Basset Ghandour."},"content":{"rendered":"","protected":false},"author":73,"featured_media":0,"template":"","class_list":["post-1913895","news","type-news","status-publish","hentry"],"acf":{"content":"<p data-start=\"0\" data-end=\"25\" style=\"font-size:16px; direction:ltr;\">\n<p style=\"text-align: center; font-size:16px; direction:ltr;\" data-start=\"27\" data-end=\"149\">La Direction g\u00e9n\u00e9rale des Forces de s\u00e9curit\u00e9 int\u00e9rieure \u2013 Service des relations publiques a publi\u00e9 le communiqu\u00e9 suivant :<\/p>\n<p data-start=\"151\" data-end=\"415\" style=\"font-size:16px; direction:ltr;\">Une entreprise contractante a entam\u00e9 des travaux d\u2019excavation pour l\u2019extension de conduites d\u2019eau dans le secteur de la descente de Borj Abi Haidar, en direction de Cola, rue Abdel Basset Ghandour, et ce \u00e0 partir de 18h00 le 29-04-2026 jusqu\u2019\u00e0 18h00 le 01-05-2026.<\/p>\n<p data-start=\"417\" data-end=\"527\" style=\"font-size:16px; direction:ltr;\">Ces travaux n\u2019entra\u00eeneront pas la fermeture de la circulation, et les v\u00e9hicules seront d\u00e9plac\u00e9s si n\u00e9cessaire.<\/p>\n<p data-start=\"529\" data-end=\"762\" style=\"font-size:16px; direction:ltr;\">Les citoyens sont pri\u00e9s d\u2019en prendre connaissance et de se conformer aux directives des \u00e9l\u00e9ments des Forces de s\u00e9curit\u00e9 int\u00e9rieure ainsi qu\u2019\u00e0 la signalisation routi\u00e8re, afin de faciliter la circulation et d\u2019\u00e9viter les embouteillages.<\/p>\n","date":"29\/04\/2026","media":[{"file":"https:\/\/isf.gov.lb\/wp-content\/uploads\/2026\/01\/\u062a\u062f\u0627\u0628\u064a\u0631-\u0633\u064a\u0631-\u0645\u0648\u0642\u0639.jpeg","thumbnail":false,"youtube_iframe":""}],"pinned":false},"_links":{"self":[{"href":"https:\/\/isf.gov.lb\/fr\/wp-json\/wp\/v2\/news\/1913895","targetHints":{"allow":["GET"]}}],"collection":[{"href":"https:\/\/isf.gov.lb\/fr\/wp-json\/wp\/v2\/news"}],"about":[{"href":"https:\/\/isf.gov.lb\/fr\/wp-json\/wp\/v2\/types\/news"}],"author":[{"embeddable":true,"href":"https:\/\/isf.gov.lb\/fr\/wp-json\/wp\/v2\/users\/73"}],"wp:attachment":[{"href":"https:\/\/isf.gov.lb\/fr\/wp-json\/wp\/v2\/media?parent=1913895"}],"curies":[{"name":"wp","href":"https:\/\/api.w.org\/{rel}","templated":true}]}}