{"id":1910158,"date":"2026-04-29T10:21:50","date_gmt":"2026-04-29T10:21:50","guid":{"rendered":"https:\/\/isf.gov.lb\/?post_type=news&#038;p=1910158"},"modified":"2026-04-29T10:24:05","modified_gmt":"2026-04-29T10:24:05","slug":"la-brigade-judiciaire-de-zahle-arrete-les-membres-dun-gang-ayant-vendu-une-grande-quantite-de-bracelets-en-or-falsifies-a-plusieurs-personnes-par-des-manoeuvres-frauduleuses-y-a-t-il-des-per","status":"publish","type":"news","link":"https:\/\/isf.gov.lb\/fr\/news\/la-brigade-judiciaire-de-zahle-arrete-les-membres-dun-gang-ayant-vendu-une-grande-quantite-de-bracelets-en-or-falsifies-a-plusieurs-personnes-par-des-manoeuvres-frauduleuses-y-a-t-il-des-per\/","title":{"rendered":"La brigade judiciaire de Zahl\u00e9 arr\u00eate les membres d\u2019un gang ayant vendu une grande quantit\u00e9 de bracelets en or falsifi\u00e9s \u00e0 plusieurs personnes par des man\u0153uvres frauduleuses. Y a-t-il des personnes ayant \u00e9t\u00e9 victimes de leurs actes ?"},"content":{"rendered":"","protected":false},"author":73,"featured_media":0,"template":"","class_list":["post-1910158","news","type-news","status-publish","hentry"],"acf":{"content":"<p data-start=\"0\" data-end=\"25\" style=\"font-size:16px; direction:ltr;\">\n<p style=\"text-align: center; font-size:16px; direction:ltr;\" data-start=\"27\" data-end=\"157\">Un communiqu\u00e9 suivant a \u00e9t\u00e9 publi\u00e9 par la Direction g\u00e9n\u00e9rale des Forces de s\u00e9curit\u00e9 int\u00e9rieure \u2013 Service des relations publiques :<\/p>\n<p data-start=\"159\" data-end=\"890\" style=\"font-size:16px; direction:ltr;\">Dans le cadre du travail continu men\u00e9 par les Forces de s\u00e9curit\u00e9 int\u00e9rieure pour lutter contre \u062c\u0645\u064a\u0639 les types de crimes dans diff\u00e9rentes r\u00e9gions libanaises, des informations sont parvenues \u00e0 la brigade judiciaire de Zahl\u00e9 au sein de l\u2019Unit\u00e9 de la police judiciaire concernant les agissements d\u2019un groupe qui escroquait plusieurs personnes en leur vendant des bracelets en or contrefaits. Les individus pr\u00e9sentaient ces bracelets \u00e0 leurs victimes en leur faisant croire qu\u2019ils \u00e9taient authentiques. Lors de leur v\u00e9rification aupr\u00e8s de bijouteries, ils les rempla\u00e7aient, par dext\u00e9rit\u00e9 et de mani\u00e8re professionnelle, par des bracelets authentiques, puis remettaient \u00e0 leurs victimes les bracelets falsifi\u00e9s contre des sommes d\u2019argent.<\/p>\n<p data-start=\"892\" data-end=\"1116\" style=\"font-size:16px; direction:ltr;\">\u00c0 la suite des investigations et enqu\u00eates men\u00e9es par les \u00e9l\u00e9ments de la brigade judiciaire de Zahl\u00e9 au sein de l\u2019Unit\u00e9 de la police judiciaire, leur identit\u00e9 a \u00e9t\u00e9 \u00e9tablie et ils ont \u00e9t\u00e9 arr\u00eat\u00e9s. Il s\u2019est av\u00e9r\u00e9 qu\u2019ils sont :<\/p>\n<p data-start=\"1118\" data-end=\"1292\" style=\"font-size:16px; direction:ltr;\">T. H. (n\u00e9 en 1995, Syrien), utilisant le nom \u00ab Abdullah \u00bb<br data-start=\"1175\" data-end=\"1178\" \/>N. A. (n\u00e9e en 2002, Syrienne), utilisant le nom \u00ab Fatim \u00bb<br data-start=\"1235\" data-end=\"1238\" \/>B. H. (n\u00e9 en 2008, Syrien), utilisant le nom \u00ab Ahmad \u00bb<\/p>\n<p data-start=\"1294\" data-end=\"1630\" style=\"font-size:16px; direction:ltr;\">Par cons\u00e9quent, et sur instruction de l\u2019autorit\u00e9 judiciaire comp\u00e9tente, la Direction g\u00e9n\u00e9rale diffuse leurs photos et demande \u00e0 toute personne les ayant reconnus ou ayant \u00e9t\u00e9 victime de leurs actes de contacter la brigade judiciaire de Zahl\u00e9 aux num\u00e9ros suivants : 08-807064 ou 08-806523 afin de prendre les mesures l\u00e9gales n\u00e9cessaires.<\/p>\n","date":"29\/04\/2026","media":[{"file":"https:\/\/isf.gov.lb\/wp-content\/uploads\/2026\/04\/123456789.jpg.jpeg","thumbnail":false,"youtube_iframe":""}],"pinned":false},"_links":{"self":[{"href":"https:\/\/isf.gov.lb\/fr\/wp-json\/wp\/v2\/news\/1910158","targetHints":{"allow":["GET"]}}],"collection":[{"href":"https:\/\/isf.gov.lb\/fr\/wp-json\/wp\/v2\/news"}],"about":[{"href":"https:\/\/isf.gov.lb\/fr\/wp-json\/wp\/v2\/types\/news"}],"author":[{"embeddable":true,"href":"https:\/\/isf.gov.lb\/fr\/wp-json\/wp\/v2\/users\/73"}],"wp:attachment":[{"href":"https:\/\/isf.gov.lb\/fr\/wp-json\/wp\/v2\/media?parent=1910158"}],"curies":[{"name":"wp","href":"https:\/\/api.w.org\/{rel}","templated":true}]}}