{"id":1905736,"date":"2026-04-28T10:15:59","date_gmt":"2026-04-28T10:15:59","guid":{"rendered":"https:\/\/isf.gov.lb\/?post_type=news&#038;p=1905736"},"modified":"2026-04-28T10:19:57","modified_gmt":"2026-04-28T10:19:57","slug":"elle-a-vole-les-telephones-de-ses-victimes-par-des-methodes-frauduleuses-et-les-a-vendus-pour-acheter-de-la-drogue-quelquun-a-t-il-ete-victime-de-ses-agissements","status":"publish","type":"news","link":"https:\/\/isf.gov.lb\/fr\/news\/elle-a-vole-les-telephones-de-ses-victimes-par-des-methodes-frauduleuses-et-les-a-vendus-pour-acheter-de-la-drogue-quelquun-a-t-il-ete-victime-de-ses-agissements\/","title":{"rendered":"Elle a vol\u00e9 les t\u00e9l\u00e9phones de ses victimes par des m\u00e9thodes frauduleuses et les a vendus pour acheter de la drogue. Quelqu\u2019un a-t-il \u00e9t\u00e9 victime de ses agissements ?"},"content":{"rendered":"","protected":false},"author":73,"featured_media":0,"template":"","class_list":["post-1905736","news","type-news","status-publish","hentry"],"acf":{"content":"<section class=\"text-token-text-primary w-full focus:outline-none [--shadow-height:45px] has-data-writing-block:pointer-events-none has-data-writing-block:-mt-(--shadow-height) has-data-writing-block:pt-(--shadow-height) [&amp;:has([data-writing-block])&gt;*]:pointer-events-auto [content-visibility:auto] supports-[content-visibility:auto]:[contain-intrinsic-size:auto_100lvh] R6Vx5W_threadScrollVars scroll-mb-[calc(var(--scroll-root-safe-area-inset-bottom,0px)+var(--thread-response-height))] scroll-mt-[calc(var(--header-height)+min(200px,max(70px,20svh)))]\" dir=\"auto\" data-turn-id=\"request-WEB:86f3df81-c559-486a-a532-7b7fdd177711-11\" data-testid=\"conversation-turn-24\" data-scroll-anchor=\"false\" data-turn=\"assistant\">\n<div class=\"text-base my-auto mx-auto pb-10 [--thread-content-margin:var(--thread-content-margin-xs,calc(var(--spacing)*4))] @w-sm\/main:[--thread-content-margin:var(--thread-content-margin-sm,calc(var(--spacing)*6))] @w-lg\/main:[--thread-content-margin:var(--thread-content-margin-lg,calc(var(--spacing)*16))] px-(--thread-content-margin)\">\n<div class=\"[--thread-content-max-width:40rem] @w-lg\/main:[--thread-content-max-width:48rem] mx-auto max-w-(--thread-content-max-width) flex-1 group\/turn-messages focus-visible:outline-hidden relative flex w-full min-w-0 flex-col agent-turn\">\n<div class=\"flex max-w-full flex-col gap-4 grow\">\n<div class=\"min-h-8 text-message relative flex w-full flex-col items-end gap-2 text-start break-words whitespace-normal outline-none keyboard-focused:focus-ring [.text-message+&amp;]:mt-1\" dir=\"auto\" data-message-author-role=\"assistant\" data-message-id=\"3256704b-c7e3-4b38-b942-5c6f6c78a90e\" data-message-model-slug=\"gpt-5-3\" data-turn-start-message=\"true\">\n<div class=\"flex w-full flex-col gap-1 empty:hidden\">\n<div class=\"markdown prose dark:prose-invert w-full wrap-break-word light markdown-new-styling\">\n<blockquote data-start=\"1181\" data-end=\"2410\" data-is-last-node=\"\" data-is-only-node=\"\">\n<p style=\"text-align: center; font-size:16px; direction:ltr;\" data-start=\"1183\" data-end=\"1309\"><span style=\"text-decoration: underline\"><strong>\u00c9mis par la Direction G\u00e9n\u00e9rale des Forces de S\u00e9curit\u00e9 Int\u00e9rieure \u2013 Service des Relations Publiques<\/strong><\/span><br data-start=\"1281\" data-end=\"1284\" \/><span style=\"text-decoration: underline\"><strong>Le communiqu\u00e9 suivant :<\/strong><\/span><\/p>\n<p data-start=\"1314\" data-end=\"1560\" style=\"font-size:16px; direction:ltr;\">Sur instruction de l\u2019autorit\u00e9 judiciaire comp\u00e9tente, la Direction G\u00e9n\u00e9rale des Forces de S\u00e9curit\u00e9 Int\u00e9rieure diffuse la photo d\u2019une personne d\u00e9tenue au poste de Bir Hassan relevant de l\u2019unit\u00e9 de la gendarmerie r\u00e9gionale, identifi\u00e9e comme suit :<\/p>\n<p style=\"font-size:16px; direction:ltr;\">A. A. (n\u00e9e en 1991, palestinienne)<\/p>\n<p data-start=\"1604\" data-end=\"1989\" style=\"font-size:16px; direction:ltr;\">Elle a commis plus de 100 vols de t\u00e9l\u00e9phones portables dans les zones de la route de l\u2019a\u00e9roport et de la Cit\u00e9 sportive. Elle demandait \u00e0 ses victimes de la transporter \u00e0 bord de leurs v\u00e9hicules vers un autre endroit, puis volait leurs t\u00e9l\u00e9phones pour les revendre \u00e0 l\u2019int\u00e9rieur du camp de Sabra contre des sommes d\u2019argent afin d\u2019acheter des stup\u00e9fiants, \u00e9tant d\u00e9pendante \u00e0 la drogue.<\/p>\n<p data-start=\"1994\" data-end=\"2113\" style=\"font-size:16px; direction:ltr;\">Par ailleurs, des vid\u00e9os ont circul\u00e9 sur une application en ligne montrant la d\u00e9tenue en train de commettre des vols.<\/p>\n<p data-start=\"2118\" data-end=\"2410\" data-is-last-node=\"\" style=\"font-size:16px; direction:ltr;\">En cons\u00e9quence, la Direction G\u00e9n\u00e9rale prie les personnes ayant \u00e9t\u00e9 victimes de ses actes et l\u2019ayant reconnue de se pr\u00e9senter au poste susmentionn\u00e9 situ\u00e9 \u00e0 Bir Hassan en face de l\u2019ancien \u00ab BHV \u00bb, ou de contacter le num\u00e9ro suivant : 01-858473, en vue de prendre les mesures l\u00e9gales n\u00e9cessaires.<\/p>\n<\/blockquote>\n<\/div>\n<\/div>\n<\/div>\n<\/div>\n<div class=\"z-0 flex min-h-[46px] justify-start\"><\/div>\n<\/div>\n<\/div>\n<\/section>\n<div class=\"pointer-events-none -mt-px h-px translate-y-[calc(var(--scroll-root-safe-area-inset-bottom)-14*var(--spacing))]\" aria-hidden=\"true\"><\/div>\n","date":"28\/04\/2026","media":[{"file":"https:\/\/isf.gov.lb\/wp-content\/uploads\/2026\/04\/site-template-Recovered-Recovered.jpg-6.jpeg","thumbnail":false,"youtube_iframe":""}],"pinned":false},"_links":{"self":[{"href":"https:\/\/isf.gov.lb\/fr\/wp-json\/wp\/v2\/news\/1905736","targetHints":{"allow":["GET"]}}],"collection":[{"href":"https:\/\/isf.gov.lb\/fr\/wp-json\/wp\/v2\/news"}],"about":[{"href":"https:\/\/isf.gov.lb\/fr\/wp-json\/wp\/v2\/types\/news"}],"author":[{"embeddable":true,"href":"https:\/\/isf.gov.lb\/fr\/wp-json\/wp\/v2\/users\/73"}],"wp:attachment":[{"href":"https:\/\/isf.gov.lb\/fr\/wp-json\/wp\/v2\/media?parent=1905736"}],"curies":[{"name":"wp","href":"https:\/\/api.w.org\/{rel}","templated":true}]}}