{"id":1903679,"date":"2026-04-28T05:57:02","date_gmt":"2026-04-28T05:57:02","guid":{"rendered":"https:\/\/isf.gov.lb\/?post_type=news&#038;p=1903679"},"modified":"2026-04-28T06:04:19","modified_gmt":"2026-04-28T06:04:19","slug":"il-vendait-de-la-drogue-dans-le-metn-et-la-branche-de-linformation-la-arrete-en-flagrant-delit-et-a-saisi-une-quantite-de-stupefiants","status":"publish","type":"news","link":"https:\/\/isf.gov.lb\/fr\/news\/il-vendait-de-la-drogue-dans-le-metn-et-la-branche-de-linformation-la-arrete-en-flagrant-delit-et-a-saisi-une-quantite-de-stupefiants\/","title":{"rendered":"Il vendait de la drogue dans le Metn, et la Branche de l\u2019information l\u2019a arr\u00eat\u00e9 en flagrant d\u00e9lit et a saisi une quantit\u00e9 de stup\u00e9fiants."},"content":{"rendered":"","protected":false},"author":73,"featured_media":0,"template":"","class_list":["post-1903679","news","type-news","status-publish","hentry"],"acf":{"content":"<section class=\"text-token-text-primary w-full focus:outline-none [--shadow-height:45px] has-data-writing-block:pointer-events-none has-data-writing-block:-mt-(--shadow-height) has-data-writing-block:pt-(--shadow-height) [&amp;:has([data-writing-block])&gt;*]:pointer-events-auto [content-visibility:auto] supports-[content-visibility:auto]:[contain-intrinsic-size:auto_100lvh] R6Vx5W_threadScrollVars scroll-mb-[calc(var(--scroll-root-safe-area-inset-bottom,0px)+var(--thread-response-height))] scroll-mt-[calc(var(--header-height)+min(200px,max(70px,20svh)))]\" dir=\"auto\" data-turn-id=\"request-WEB:86f3df81-c559-486a-a532-7b7fdd177711-9\" data-testid=\"conversation-turn-20\" data-scroll-anchor=\"false\" data-turn=\"assistant\">\n<div class=\"text-base my-auto mx-auto pb-10 [--thread-content-margin:var(--thread-content-margin-xs,calc(var(--spacing)*4))] @w-sm\/main:[--thread-content-margin:var(--thread-content-margin-sm,calc(var(--spacing)*6))] @w-lg\/main:[--thread-content-margin:var(--thread-content-margin-lg,calc(var(--spacing)*16))] px-(--thread-content-margin)\">\n<div class=\"[--thread-content-max-width:40rem] @w-lg\/main:[--thread-content-max-width:48rem] mx-auto max-w-(--thread-content-max-width) flex-1 group\/turn-messages focus-visible:outline-hidden relative flex w-full min-w-0 flex-col agent-turn\">\n<div class=\"flex max-w-full flex-col gap-4 grow\">\n<div class=\"min-h-8 text-message relative flex w-full flex-col items-end gap-2 text-start break-words whitespace-normal outline-none keyboard-focused:focus-ring [.text-message+&amp;]:mt-1\" dir=\"auto\" data-message-author-role=\"assistant\" data-message-id=\"d0a0cd1d-fb3c-4c2a-8b36-2ae748250192\" data-message-model-slug=\"gpt-5-3\" data-turn-start-message=\"true\">\n<div class=\"flex w-full flex-col gap-1 empty:hidden\">\n<div class=\"markdown prose dark:prose-invert w-full wrap-break-word light markdown-new-styling\">\n<blockquote data-start=\"1421\" data-end=\"2946\" data-is-last-node=\"\" data-is-only-node=\"\">\n<p data-start=\"1423\" data-end=\"1549\" style=\"font-size:16px; direction:ltr;\">\u00c9mis par la Direction G\u00e9n\u00e9rale des Forces de S\u00e9curit\u00e9 Int\u00e9rieure \u2013 Service des Relations Publiques<br data-start=\"1521\" data-end=\"1524\" \/>Le communiqu\u00e9 suivant :<\/p>\n<p data-start=\"1554\" data-end=\"1863\" style=\"font-size:16px; direction:ltr;\">Dans le cadre du suivi quotidien assur\u00e9 par les Forces de s\u00e9curit\u00e9 int\u00e9rieure pour lutter contre le trafic et la distribution de drogues dans diff\u00e9rentes r\u00e9gions libanaises, la Branche de l\u2019information a obtenu des informations concernant un individu inconnu qui vendait de la drogue dans la r\u00e9gion du Metn.<\/p>\n<p data-start=\"1868\" data-end=\"1989\" style=\"font-size:16px; direction:ltr;\">\u00c0 la suite des investigations et des enqu\u00eates, la branche a pu identifier son identit\u00e9 :<br data-start=\"1956\" data-end=\"1959\" \/>A. T. (n\u00e9 en 1986, libanais)<\/p>\n<p data-start=\"1994\" data-end=\"2224\" style=\"font-size:16px; direction:ltr;\">Apr\u00e8s une op\u00e9ration de surveillance et de filature pr\u00e9cise, une patrouille de la branche l\u2019a arr\u00eat\u00e9 en flagrant d\u00e9lit dans la r\u00e9gion d\u2019Ant\u00e9lias alors qu\u2019il vendait de la drogue \u00e0 bord d\u2019un v\u00e9hicule Toyota blanc, qui a \u00e9t\u00e9 saisi.<\/p>\n<p data-start=\"2229\" data-end=\"2684\" style=\"font-size:16px; direction:ltr;\">Lors de la fouille de l\u2019individu et du v\u00e9hicule, il a \u00e9t\u00e9 trouv\u00e9 :<br data-start=\"2295\" data-end=\"2298\" \/>6 bo\u00eetes en plastique marqu\u00e9es \u00ab 100 $ \u00bb contenant de la coca\u00efne<br data-start=\"2366\" data-end=\"2369\" \/>2 bo\u00eetes en plastique marqu\u00e9es \u00ab NET \u00bb contenant de la coca\u00efne<br data-start=\"2435\" data-end=\"2438\" \/>12 bo\u00eetes en plastique contenant de la coca\u00efne<br data-start=\"2488\" data-end=\"2491\" \/>3 enveloppes en papier marqu\u00e9es \u00ab 100 $ \u00bb contenant de la coca\u00efne<br data-start=\"2560\" data-end=\"2563\" \/>2 enveloppes en papier marqu\u00e9es \u00ab 5 \u00bb contenant de la coca\u00efne<br data-start=\"2628\" data-end=\"2631\" \/>Deux t\u00e9l\u00e9phones portables et une somme d\u2019argent<\/p>\n<p data-start=\"2689\" data-end=\"2765\" style=\"font-size:16px; direction:ltr;\">Lors de son interrogatoire, il a reconnu les faits qui lui sont reproch\u00e9s.<\/p>\n<p data-start=\"2770\" data-end=\"2946\" data-is-last-node=\"\" style=\"font-size:16px; direction:ltr;\">Les proc\u00e9dures l\u00e9gales ont \u00e9t\u00e9 engag\u00e9es \u00e0 son encontre, et il a \u00e9t\u00e9 d\u00e9f\u00e9r\u00e9, avec les objets saisis, \u00e0 l\u2019autorit\u00e9 comp\u00e9tente sur instruction de l\u2019autorit\u00e9 judiciaire comp\u00e9tente.<\/p>\n<\/blockquote>\n<\/div>\n<\/div>\n<\/div>\n<\/div>\n<div class=\"z-0 flex min-h-[46px] justify-start\"><\/div>\n<\/div>\n<\/div>\n<\/section>\n<div class=\"pointer-events-none -mt-px h-px translate-y-[calc(var(--scroll-root-safe-area-inset-bottom)-14*var(--spacing))]\" aria-hidden=\"true\"><\/div>\n","date":"28\/04\/2026","media":[{"file":"https:\/\/isf.gov.lb\/wp-content\/uploads\/2026\/04\/site-template-Recovered-Recovered@1x_3.jpg-8.jpeg","thumbnail":false,"youtube_iframe":""}],"pinned":false},"_links":{"self":[{"href":"https:\/\/isf.gov.lb\/fr\/wp-json\/wp\/v2\/news\/1903679","targetHints":{"allow":["GET"]}}],"collection":[{"href":"https:\/\/isf.gov.lb\/fr\/wp-json\/wp\/v2\/news"}],"about":[{"href":"https:\/\/isf.gov.lb\/fr\/wp-json\/wp\/v2\/types\/news"}],"author":[{"embeddable":true,"href":"https:\/\/isf.gov.lb\/fr\/wp-json\/wp\/v2\/users\/73"}],"wp:attachment":[{"href":"https:\/\/isf.gov.lb\/fr\/wp-json\/wp\/v2\/media?parent=1903679"}],"curies":[{"name":"wp","href":"https:\/\/api.w.org\/{rel}","templated":true}]}}