{"id":1900396,"date":"2026-04-27T15:24:44","date_gmt":"2026-04-27T15:24:44","guid":{"rendered":"https:\/\/isf.gov.lb\/?post_type=news&#038;p=1900396"},"modified":"2026-04-27T15:29:58","modified_gmt":"2026-04-27T15:29:58","slug":"lors-dune-embuscade-bien-planifiee-dans-le-centre-ville-de-beyrouth-la-branche-de-linformation-a-arrete-un-individu-recherche-par-la-justice-pour-divers-crimes","status":"publish","type":"news","link":"https:\/\/isf.gov.lb\/fr\/news\/lors-dune-embuscade-bien-planifiee-dans-le-centre-ville-de-beyrouth-la-branche-de-linformation-a-arrete-un-individu-recherche-par-la-justice-pour-divers-crimes\/","title":{"rendered":"Lors d\u2019une embuscade bien planifi\u00e9e dans le centre-ville de Beyrouth, la Branche de l\u2019information a arr\u00eat\u00e9 un individu recherch\u00e9 par la justice pour divers crimes."},"content":{"rendered":"","protected":false},"author":73,"featured_media":0,"template":"","class_list":["post-1900396","news","type-news","status-publish","hentry"],"acf":{"content":"<blockquote data-start=\"1175\" data-end=\"2381\" data-is-last-node=\"\" data-is-only-node=\"\">\n<p style=\"text-align: center; font-size:16px; direction:ltr;\" data-start=\"1177\" data-end=\"1303\"><strong>\u00c9mis par la Direction G\u00e9n\u00e9rale des Forces de S\u00e9curit\u00e9 Int\u00e9rieure \u2013 Service des Relations Publiques<\/strong><br data-start=\"1275\" data-end=\"1278\" \/><strong>Le communiqu\u00e9 suivant :<\/strong><\/p>\n<p data-start=\"1308\" data-end=\"1706\" style=\"font-size:16px; direction:ltr;\">Dans le cadre du suivi quotidien assur\u00e9 par les Forces de s\u00e9curit\u00e9 int\u00e9rieure pour arr\u00eater les personnes recherch\u00e9es par la justice pour divers crimes sur l\u2019ensemble du territoire libanais, et \u00e0 la suite d\u2019un travail de terrain et de renseignement, les unit\u00e9s comp\u00e9tentes de la Branche de l\u2019information ont pu localiser l\u2019un des individus recherch\u00e9s dans le centre-ville de Beyrouth. Il s\u2019agit de :<\/p>\n<p style=\"font-size:16px; direction:ltr;\">A. N. (n\u00e9 en 1996, libanais), faisant l\u2019objet de neuf mandats judiciaires pour des crimes incluant vol, tentative de meurtre, infractions li\u00e9es aux stup\u00e9fiants, formation d\u2019un gang, constitution d\u2019une association de malfaiteurs, r\u00e9sistance aux forces de l\u2019ordre, et violation des lois et r\u00e8glements.<\/p>\n<p data-start=\"2015\" data-end=\"2225\" style=\"font-size:16px; direction:ltr;\">En date du 16\/04\/2026, \u00e0 la suite d\u2019une op\u00e9ration de surveillance et de filature, une patrouille de la branche a r\u00e9ussi \u00e0 l\u2019arr\u00eater lors d\u2019une embuscade soigneusement planifi\u00e9e dans la zone susmentionn\u00e9e.<\/p>\n<p data-start=\"2230\" data-end=\"2381\" data-is-last-node=\"\" style=\"font-size:16px; direction:ltr;\">Les proc\u00e9dures l\u00e9gales ont \u00e9t\u00e9 engag\u00e9es \u00e0 son encontre, et il a \u00e9t\u00e9 d\u00e9f\u00e9r\u00e9 \u00e0 l\u2019autorit\u00e9 comp\u00e9tente sur instruction de l\u2019autorit\u00e9 judiciaire comp\u00e9tente.<\/p>\n<\/blockquote>\n","date":"27\/04\/2026","media":[{"file":"https:\/\/isf.gov.lb\/wp-content\/uploads\/2026\/04\/site-template-copy-Recovered-Recovered.jpg-2.jpeg","thumbnail":false,"youtube_iframe":""}],"pinned":false},"_links":{"self":[{"href":"https:\/\/isf.gov.lb\/fr\/wp-json\/wp\/v2\/news\/1900396","targetHints":{"allow":["GET"]}}],"collection":[{"href":"https:\/\/isf.gov.lb\/fr\/wp-json\/wp\/v2\/news"}],"about":[{"href":"https:\/\/isf.gov.lb\/fr\/wp-json\/wp\/v2\/types\/news"}],"author":[{"embeddable":true,"href":"https:\/\/isf.gov.lb\/fr\/wp-json\/wp\/v2\/users\/73"}],"wp:attachment":[{"href":"https:\/\/isf.gov.lb\/fr\/wp-json\/wp\/v2\/media?parent=1900396"}],"curies":[{"name":"wp","href":"https:\/\/api.w.org\/{rel}","templated":true}]}}