{"id":1898827,"date":"2026-04-27T11:48:35","date_gmt":"2026-04-27T11:48:35","guid":{"rendered":"https:\/\/isf.gov.lb\/?post_type=news&#038;p=1898827"},"modified":"2026-04-27T12:06:35","modified_gmt":"2026-04-27T12:06:35","slug":"le-bureau-central-de-lutte-contre-les-stupefiants-a-detruit-des-quantites-de-drogues-saisies-stockees-dans-ses-entrepots-ainsi-que-dans-ceux-de-la-branche-de-linformation-et-du-parquet-genera","status":"publish","type":"news","link":"https:\/\/isf.gov.lb\/fr\/news\/le-bureau-central-de-lutte-contre-les-stupefiants-a-detruit-des-quantites-de-drogues-saisies-stockees-dans-ses-entrepots-ainsi-que-dans-ceux-de-la-branche-de-linformation-et-du-parquet-genera\/","title":{"rendered":"Le Bureau central de lutte contre les stup\u00e9fiants a d\u00e9truit des quantit\u00e9s de drogues saisies stock\u00e9es dans ses entrep\u00f4ts ainsi que dans ceux de la Branche de l\u2019information et du parquet g\u00e9n\u00e9ral pr\u00e8s la cour d\u2019appel du Mont-Liban."},"content":{"rendered":"","protected":false},"author":73,"featured_media":0,"template":"","class_list":["post-1898827","news","type-news","status-publish","hentry"],"acf":{"content":"<p style=\"text-align: left; font-size:16px; direction:ltr;\" data-start=\"1452\" data-end=\"1477\">\n<blockquote data-start=\"1478\" data-end=\"3015\" data-is-last-node=\"\" data-is-only-node=\"\">\n<p style=\"text-align: left; font-size:16px; direction:ltr;\" data-start=\"1480\" data-end=\"2656\"><span style=\"\">En date d\u2019aujourd\u2019hui, le 27\/04\/2026, le Bureau central de lutte contre les stup\u00e9fiants relevant de l\u2019unit\u00e9 de la police judiciaire a proc\u00e9d\u00e9 \u00e0 la destruction de quantit\u00e9s de drogues saisies, stock\u00e9es dans son entrep\u00f4t ainsi que dans ceux de la Branche de l\u2019information et du parquet g\u00e9n\u00e9ral pr\u00e8s la cour d\u2019appel du Mont-Liban. L\u2019op\u00e9ration a eu lieu dans une carri\u00e8re ferm\u00e9e situ\u00e9e dans la localit\u00e9 de Bsalim \u2013 Metn, sur instruction de l\u2019autorit\u00e9 judiciaire comp\u00e9tente, en pr\u00e9sence de : le procureur g\u00e9n\u00e9ral pr\u00e8s la cour d\u2019appel du Mont-Liban, le juge Sami Sader ; l\u2019avocat g\u00e9n\u00e9ral pr\u00e8s la cour d\u2019appel du Mont-Liban, le juge Georges Khater ; le chef du d\u00e9partement des enqu\u00eates criminelles, le g\u00e9n\u00e9ral de brigade Gerard Nasr, et son adjoint, le g\u00e9n\u00e9ral de brigade Youssef Mekdad ; le chef du Bureau central de lutte contre les stup\u00e9fiants, le colonel Dr Ayman Mashmoushi ; le colonel Andr\u00e9 Khoury, officier de la division des relations publiques ; M. Walid Oueidat du parquet g\u00e9n\u00e9ral pr\u00e8s la Cour de cassation ; M. Shadi Fares du parquet g\u00e9n\u00e9ral pr\u00e8s la cour d\u2019appel du Mont-Liban ; ainsi que des officiers et sous-officiers du Bureau central de lutte contre les stup\u00e9fiants.<\/span><\/p>\n<p style=\"text-align: left; font-size:16px; direction:ltr;\" data-start=\"2661\" data-end=\"2709\"><span style=\"\">Les substances d\u00e9truites \u00e9taient les suivantes :<\/span><\/p>\n<p style=\"font-size:16px; direction:ltr;\"><span style=\"\">Coca\u00efne : 264,7 kg<\/span><\/p>\n<p style=\"font-size:16px; direction:ltr;\"><span style=\"\">Haschisch : 368 kg<\/span><\/p>\n<p style=\"font-size:16px; direction:ltr;\"><span style=\"\">Marijuana : 20 kg<\/span><\/p>\n<p style=\"font-size:16px; direction:ltr;\"><span style=\"\">Salvia : 52 kg<\/span><\/p>\n<p style=\"font-size:16px; direction:ltr;\"><span style=\"\">M\u00e9thamph\u00e9tamine cristalline : 3,4 kg<\/span><\/p>\n<p style=\"font-size:16px; direction:ltr;\"><span style=\"\">Poudre de nature inconnue : 3,4 kg<\/span><\/p>\n<p style=\"font-size:16px; direction:ltr;\"><span style=\"\">H\u00e9ro\u00efne : 105 g<\/span><\/p>\n<p style=\"font-size:16px; direction:ltr;\"><span style=\"\">Comprim\u00e9s stup\u00e9fiants (Captagon + XTC) : 1 316,3 kg<\/span><\/p>\n<p style=\"font-size:16px; direction:ltr;\"><span style=\"\">Divers comprim\u00e9s s\u00e9datifs : 287 777 unit\u00e9s<\/span><\/p><\/blockquote>\n","date":"27\/04\/2026","media":[{"file":"https:\/\/isf.gov.lb\/wp-content\/uploads\/2026\/04\/site-template-Recovered-Recovered@1x_3.jpg-5.jpeg","thumbnail":false,"youtube_iframe":""},{"file":"https:\/\/isf.gov.lb\/wp-content\/uploads\/2026\/04\/site-template-Recovered-Recovered@1x_3.jpg-3.jpeg","thumbnail":false,"youtube_iframe":""},{"file":"https:\/\/isf.gov.lb\/wp-content\/uploads\/2026\/04\/site-template-Recovered-Recovered@1x_3.jpg-4.jpeg","thumbnail":false,"youtube_iframe":""},{"file":"https:\/\/isf.gov.lb\/wp-content\/uploads\/2026\/04\/site-template-Recovered-Recovered@1x_3.jpg-6.jpeg","thumbnail":false,"youtube_iframe":""},{"file":"https:\/\/isf.gov.lb\/wp-content\/uploads\/2026\/04\/site-template-Recovered-Recovered@1x_3.jpg-1.jpeg","thumbnail":false,"youtube_iframe":""},{"file":"https:\/\/isf.gov.lb\/wp-content\/uploads\/2026\/04\/site-template-Recovered-Recovered@1x_3.jpg-7.jpeg","thumbnail":false,"youtube_iframe":""},{"file":"https:\/\/isf.gov.lb\/wp-content\/uploads\/2026\/04\/site-template-Recovered-Recovered@1x_3.jpg-2.jpeg","thumbnail":false,"youtube_iframe":""}],"pinned":false},"_links":{"self":[{"href":"https:\/\/isf.gov.lb\/fr\/wp-json\/wp\/v2\/news\/1898827","targetHints":{"allow":["GET"]}}],"collection":[{"href":"https:\/\/isf.gov.lb\/fr\/wp-json\/wp\/v2\/news"}],"about":[{"href":"https:\/\/isf.gov.lb\/fr\/wp-json\/wp\/v2\/types\/news"}],"author":[{"embeddable":true,"href":"https:\/\/isf.gov.lb\/fr\/wp-json\/wp\/v2\/users\/73"}],"wp:attachment":[{"href":"https:\/\/isf.gov.lb\/fr\/wp-json\/wp\/v2\/media?parent=1898827"}],"curies":[{"name":"wp","href":"https:\/\/api.w.org\/{rel}","templated":true}]}}