{"id":1894545,"date":"2026-04-26T10:00:26","date_gmt":"2026-04-26T10:00:26","guid":{"rendered":"https:\/\/isf.gov.lb\/?post_type=news&#038;p=1894545"},"modified":"2026-04-26T10:07:08","modified_gmt":"2026-04-26T10:07:08","slug":"la-branche-de-linformation-a-demantele-un-reseau-specialise-dans-le-vol-de-cables-electriques-appartenant-au-reseau-public-actif-a-beyrouth-et-en-a-arrete-les-membres-en-flagrant-delit","status":"publish","type":"news","link":"https:\/\/isf.gov.lb\/fr\/news\/la-branche-de-linformation-a-demantele-un-reseau-specialise-dans-le-vol-de-cables-electriques-appartenant-au-reseau-public-actif-a-beyrouth-et-en-a-arrete-les-membres-en-flagrant-delit\/","title":{"rendered":"La branche de l\u2019information a d\u00e9mantel\u00e9 un r\u00e9seau sp\u00e9cialis\u00e9 dans le vol de c\u00e2bles \u00e9lectriques appartenant au r\u00e9seau public, actif \u00e0 Beyrouth, et en a arr\u00eat\u00e9 les membres en flagrant d\u00e9lit"},"content":{"rendered":"","protected":false},"author":73,"featured_media":0,"template":"","class_list":["post-1894545","news","type-news","status-publish","hentry"],"acf":{"content":"<p style=\"text-align: center; font-size:16px; direction:ltr;\" data-start=\"0\" data-end=\"158\"><span style=\"text-decoration: underline\"><strong>\u00c9mis par la Direction g\u00e9n\u00e9rale des Forces de s\u00e9curit\u00e9 int\u00e9rieure \u2013 Division des relations publiques<\/strong><\/span><br data-start=\"132\" data-end=\"135\" \/><span style=\"text-decoration: underline\"><strong>Le communiqu\u00e9 suivant :<\/strong><\/span><\/p>\n<p data-start=\"160\" data-end=\"705\" style=\"font-size:16px; direction:ltr;\">Dans le cadre des efforts quotidiens soutenus d\u00e9ploy\u00e9s par les Forces de s\u00e9curit\u00e9 int\u00e9rieure pour lutter contre les vols dans les diff\u00e9rentes r\u00e9gions libanaises, notamment ceux visant les c\u00e2bles et fils \u00e9lectriques appartenant au r\u00e9seau public, la branche de l\u2019information a obtenu des renseignements concernant un groupe criminel impliqu\u00e9 dans le vol de disjoncteurs \u00e9lectriques et de bandes de cuivre \u00e0 l\u2019int\u00e9rieur des poteaux d\u2019\u00e9clairage public dans plusieurs quartiers de Beyrouth, provoquant une interruption totale de l\u2019\u00e9clairage nocturne.<\/p>\n<p data-start=\"707\" data-end=\"853\" style=\"font-size:16px; direction:ltr;\">\u00c0 l\u2019issue d\u2019investigations approfondies et d\u2019op\u00e9rations de renseignement intensives, la branche a pu identifier les membres du groupe comme suit :<\/p>\n<p style=\"font-size:16px; direction:ltr;\">H.T. (n\u00e9 en 2001, Libanais)<\/p>\n<p style=\"font-size:16px; direction:ltr;\">M.A. (n\u00e9 en 2006, Palestinien)<\/p>\n<p style=\"font-size:16px; direction:ltr;\">H.N. (n\u00e9 en 1996, Libanais)<\/p>\n<p style=\"font-size:16px; direction:ltr;\">A.H. (n\u00e9 en 2004, Syrien)<\/p>\n<p data-start=\"983\" data-end=\"1275\" style=\"font-size:16px; direction:ltr;\">Le 03-04-2026, \u00e0 la suite d\u2019une surveillance et d\u2019un suivi pr\u00e9cis, une patrouille de la branche a proc\u00e9d\u00e9 \u00e0 leur arrestation en flagrant d\u00e9lit dans la r\u00e9gion de Gemmayz\u00e9, alors qu\u2019ils tentaient de commettre un vol. La fouille a permis de saisir une pince coupante en m\u00e9tal en leur possession.<\/p>\n<p data-start=\"1277\" data-end=\"1455\" data-is-last-node=\"\" data-is-only-node=\"\" style=\"font-size:16px; direction:ltr;\">Ils ont \u00e9t\u00e9 d\u00e9f\u00e9r\u00e9s, avec les objets saisis, aupr\u00e8s de l\u2019autorit\u00e9 comp\u00e9tente afin de prendre les mesures l\u00e9gales n\u00e9cessaires, sur instruction de l\u2019autorit\u00e9 judiciaire comp\u00e9tente.<\/p>\n","date":"26\/04\/2026","media":[{"file":"https:\/\/isf.gov.lb\/wp-content\/uploads\/2026\/04\/sitettet.jpg.jpeg","thumbnail":false,"youtube_iframe":""}],"pinned":false},"_links":{"self":[{"href":"https:\/\/isf.gov.lb\/fr\/wp-json\/wp\/v2\/news\/1894545","targetHints":{"allow":["GET"]}}],"collection":[{"href":"https:\/\/isf.gov.lb\/fr\/wp-json\/wp\/v2\/news"}],"about":[{"href":"https:\/\/isf.gov.lb\/fr\/wp-json\/wp\/v2\/types\/news"}],"author":[{"embeddable":true,"href":"https:\/\/isf.gov.lb\/fr\/wp-json\/wp\/v2\/users\/73"}],"wp:attachment":[{"href":"https:\/\/isf.gov.lb\/fr\/wp-json\/wp\/v2\/media?parent=1894545"}],"curies":[{"name":"wp","href":"https:\/\/api.w.org\/{rel}","templated":true}]}}